{"id":19055,"date":"2017-11-05T15:46:58","date_gmt":"2017-11-05T15:46:58","guid":{"rendered":"http:\/\/dev.yogaesoteric.net\/actualite-fr\/nouvelles-1602-fr\/la-suede-cesse-son-festival-de-rock-emblematique-a-cause-des-viols-et-des-agressions-sexuelles\/"},"modified":"2017-11-05T15:46:58","modified_gmt":"2017-11-05T15:46:58","slug":"la-suede-cesse-son-festival-de-rock-emblematique-a-cause-des-viols-et-des-agressions-sexuelles","status":"publish","type":"post","link":"https:\/\/yogaesoteric.net\/fr\/la-suede-cesse-son-festival-de-rock-emblematique-a-cause-des-viols-et-des-agressions-sexuelles\/","title":{"rendered":"La Su\u00e8de cesse son festival de rock embl\u00e9matique \u00e0 cause des viols et des agressions sexuelles"},"content":{"rendered":"<p align=\"justify\">\n    \n  <\/p>\n<p align=\"justify\">C&#8217;&#233;tait devenu une institution : Br&#229;valla, le plus grand festival de rock en Su&#232;de voit advenir sa fin. Et ce n&#8217;est pas par manque d&#8217;argent. Mais par une recrudescence ing&#233;rable, malgr&#233; les forces de s&#233;curit&#233;, des agressions sexuelles, viols et autres attouchements. Commis par qui ? Si les ann&#233;es pass&#233;es, la presse avait parl&#233; de migrants et en particulier d&#8217;Afghans, apr&#232;s avoir eu acc&#232;s aux rapports de police, rien ne fuite cette fois-ci. Mais la d&#233;cision est drastique&#8230; et les paroles des organisateurs tr&#232;s transparentes. <\/p>\n<p align=\"center\">\n    <img loading=\"lazy\" decoding=\"async\" style=\"border-top-color: ; border-left-color: ; border-bottom-color: ; border-right-color: \" border=\"0\" hspace=\"5\" alt=\"\" vspace=\"5\" src=\"\/all_uploads\/uploads-oct17\/31.10.2017\/13534\/13534_2.jpg\" width=\"550\" height=\"309\" \/>&#160;<\/p>\n<p align=\"justify\">\n<p align=\"justify\">\n    <strong>Des viols et crimes sexuels &#224; gogo<\/strong>\n  <\/p>\n<p align=\"justify\">Organis&#233; traditionnellement fin juin sur une base a&#233;rienne pr&#232;s de Norrk&#246;ping, au sud de Stockholm, le festival de Br&#229;valla rassemblait pr&#232;s de 50.000 jeunes. Au programme, des rockeurs nordiques mais aussi du m&#233;tal et du rap am&#233;ricain, des &#171; stars &#187; alias Muse, Robbie Williams ou Kanye West&#8230; Mais en 2018, il n&#8217;y aura pas de nouvelle &#233;dition de ce festival qui n&#8217;aura dur&#233; que cinq ans. Les ennuis ont commenc&#233; d&#232;s le soir du 30 juin. &#192; 21h30, tandis que le groupe de hard rock &#171; Tenacious D &#187; &#233;tait sur sc&#232;ne, plusieurs filles se sont plaintes de la pr&#233;sence d&#8217;un homme de 24 ans qui se masturbait au milieu de la foule. Dans la nuit, les incidents se sont multipli&#233;s, avec le viol d&#8217;une jeune femme dans les toilettes, d&#8217;une autre au camping, celui d&#8217;une b&#233;n&#233;vole par un autre b&#233;n&#233;vole&#8230; Un homme de 20 ans qui tentait de s&#8217;interposer a m&#234;me &#233;t&#233; tabass&#233;. Bref, en l&#8217;espace de deux jours, la police a constat&#233; pas moins de cinq viols et une quinzaine d&#8217;agressions sexuelles &#8211; sans compter une quarantaine de plaintes diverses et vari&#233;es. <\/p>\n<p align=\"justify\">\n    <strong>Un probl&#232;me qui d&#233;passe les festivals musicaux&#8230;<\/strong>\n  <\/p>\n<p align=\"center\">\n    <img decoding=\"async\" style=\"border-top-color: ; border-left-color: ; border-bottom-color: ; border-right-color: \" border=\"0\" hspace=\"5\" alt=\"\" vspace=\"5\" src=\"\/all_uploads\/uploads-oct17\/31.10.2017\/13534\/13534_3.jpg\" \/>&#160;<\/p>\n<p align=\"justify\">\n<p align=\"justify\">Le directeur et fondateur du festival, Folkert Koopmans, a dit toute son amertume : &#171; Certains hommes, car ce sont des hommes, ne peuvent manifestement pas se comporter correctement. C&#8217;est une honte (&#8230;) Il n&#8217;y a pas de mot pour dire &#224; quel point je suis d&#233;sol&#233; (&#8230;) C&#8217;est un &#233;norme probl&#232;me, qui touche toute notre soci&#233;t&#233;. Pas seulement les festivals. Il y a une centaine de viols chaque jour en Su&#232;de. C&#8217;est un d&#233;fi auquel la soci&#233;t&#233; doit faire face &#187;. D&#8217;aucuns ont &#233;voqu&#233; un pr&#233;texte pour cacher de bien plus tangibles soucis d&#8217;argent. La soci&#233;t&#233; organisatrice &#171; FKP Scorpio &#187; a signal&#233; une perte de 75 millions de couronnes (8.904.500 dollars) en 2016. Mais bien que les billets se soient moins vendus que l&#8217;ann&#233;e derni&#232;re &#224; cause de cette ambiance de plus en plus d&#233;l&#233;t&#232;re, il n&#8217;en est rien. &#171; Dire que nous utilisons la violence comme pr&#233;texte pour ne pas r&#233;it&#233;rer l&#8217;exp&#233;rience l&#8217;ann&#233;e prochaine est une sp&#233;culation tout &#224; fait cynique &#187;, lit-on dans le communiqu&#233; de la soci&#233;t&#233; cit&#233; par le journal su&#233;dois Expressen. Ils reconnaissent tout simplement l&#8217;impossibilit&#233;, dor&#233;navant, d&#8217;organiser de pareilles manifestations, &#224; destination des jeunes. Certes, ce n&#8217;est pas la musique ad hoc pour adoucir les m&#339;urs. N&#233;anmoins, il est clair que certains se sentent tr&#232;s, tr&#232;s &#224; l&#8217;aise&#8230; <\/p>\n<p align=\"justify\">\n    <strong>On ne mentionne plus l&#8217;origine ethnique des agresseurs<\/strong>\n  <\/p>\n<p align=\"justify\">Les forces de police avaient pourtant &#233;t&#233; renforc&#233;es par rapport aux ann&#233;es pr&#233;c&#233;dentes. Et pour cause. En 2014 d&#233;j&#224;, une jeune fille de dix-sept ans avait &#233;t&#233; viol&#233;e par quatre hommes dans le camping attenant au festival. En 2015 et 2016, les m&#234;mes &#171; accidents &#187; se sont amplifi&#233;s. Pour 2017, le responsable de la s&#233;curit&#233; du festival avait durci les &#233;quipes de s&#233;curit&#233; et leur pr&#233;sence sur le terrain. Mais rien n&#8217;y a fait. Pourquoi ? &#171; Demandez plut&#244;t &#224; ceux qui commettent les infractions &#187; a-t-il r&#233;torqu&#233;&#8230; Mais si aux &#233;ditions pr&#233;c&#233;dentes, les media avaient obtenu l&#8217;acc&#232;s aux rapports de police sur les agressions et largement glos&#233; sur l&#8217;origine ethnique et &#171; migrante &#187; des auteurs, de jeunes et fringants Afghans, cette fois-ci, pas de fuite. Les policiers ont dit avoir arr&#234;t&#233; et interrog&#233; trois suspects, mais n&#8217;ont pas divulgu&#233; d&#8217;informations sur leur origine ou leur identit&#233;, selon le radiodiffuseur su&#233;dois SVT. <\/p>\n<p align=\"justify\">\n    <strong>La Su&#232;de : le festival du viol ?<\/strong>\n  <\/p>\n<p align=\"justify\">&#201;videmment, c&#8217;est dans le but de ne pas stigmatiser une d&#233;linquance sexuelle &#233;trang&#232;re et agiter une opinion d&#233;j&#224; bien atteinte par ces multiples et r&#233;currentes attaques qui entourent dor&#233;navant toutes les manifestations en Su&#232;de. Selon le New York Times, lors d&#8217;un festival l&#8217;ann&#233;e derni&#232;re &#224; Karlstad, six des sept suspects dans des affaires d&#8217;agressions sexuelles ont &#233;t&#233; identifi&#233;s comme des &#233;trangers. En 2016, les autorit&#233;s ont estim&#233; que le nombre d&#8217;attaques sexuelles dans les festivals de musique en plein air avait augment&#233; de 1.000%&#8230; Les agresseurs sont r&#233;guli&#232;rement d&#233;crits par leurs victimes comme &#233;tant d&#8217;origine &#233;trang&#232;re, des victimes pour beaucoup mineures. Il ne devrait y avoir personne pour s&#8217;&#233;tonner d&#8217;un comportement qui correspond &#224; une autre culture et surtout &#224; une autre religion, o&#249; la femme &#233;trang&#232;re est avant tout objet. Mais chut. Il faut s&#8217;en tenir, comme le premier ministre, &#224; d&#233;noncer des &#171; actes r&#233;pugnants &#187;, en se pliant aux injonctions patriarcales de ces nouveaux m&#226;les, en faisant cesser les occasions o&#249; elles pourraient se manifester. Dhimmitude absolue. Et dire que les &#233;lues f&#233;ministes de la mairie de Norrk&#246;ping distribuaient des tracts aux festivaliers sur le th&#232;me &#171; dix astuces pour &#233;viter les viols &#187;&#8230; <\/p>\n<p align=\"justify\">Les nouveaux chiffres provenant de Su&#232;de sont un avertissement pour les femmes &#224; l&#8217;encontre d&#8217;un vote favorable &#224; l&#8217;accueil d&#8217;encore plus de r&#233;fugi&#233;s issus des pays musulmans. 92 pour cent de tous les viols graves (viols violents) sont commis par des migrants et des r&#233;fugi&#233;s. 100 pour cent des attaques de viols (o&#249; la victime et l&#8217;attaquant n&#8217;avaient pas de contact pr&#233;alable) sont le fait de ce m&#234;me groupe. En d&#8217;autres termes, des milliers de femmes su&#233;doises n&#8217;auraient pas &#233;t&#233; viol&#233;es et ainsi traumatis&#233;es &#224; vie s&#8217;il n&#8217;y avait pas eu ce flux migratoire en provenance des pays musulmans. <\/p>\n<p align=\"justify\">La liste des 10 premiers pays responsables des viols au niveau national ne montre qu&#8217;un seul pays non islamique (Chili). La plupart des violeurs sont issus d&#8217;Irak, suivis des r&#233;fugi&#233;s et des migrants d&#8217;Afghanistan, de Somalie, d&#8217;&#201;rythr&#233;e, de Syrie, de Gambie, d&#8217;Iran, de Palestine, du Chili et du Kosovo. <\/p>\n<p align=\"justify\">En tenant compte du nombre de personnes des diff&#233;rentes nationalit&#233;s en Su&#232;de, les Afghans sont 79 fois plus susceptibles de commettre un crime sexuel que les personnes n&#233;es en tant que citoyens su&#233;dois. <\/p>\n<p align=\"center\">\n    <img decoding=\"async\" style=\"border-top-color: ; border-left-color: ; border-bottom-color: ; border-right-color: \" border=\"0\" hspace=\"5\" alt=\"\" vspace=\"5\" src=\"\/all_uploads\/uploads-oct17\/31.10.2017\/13534\/13534_4.jpg\" \/>&#160;<\/p>\n<p align=\"justify\">\n<p align=\"justify\">L&#8217;ann&#233;e derni&#232;re, Peter Springare, un policier su&#233;dois, a bris&#233; le silence du politiquement correct au sujet de l&#8217;&#233;pid&#233;mie de viol, dans ce pays dirig&#233; par le lib&#233;ral-f&#233;minisme. <\/p>\n<p align=\"justify\">&#171; J&#8217;en ai assez. La violence tue l&#8217;esprit du festival, l&#8217;amour de la musique, et par-dessus tout, des gens sont bless&#233;s. C&#8217;est une fois de trop &#187;, a d&#233;clar&#233; Folkert Koopmans, le fondateur du Br&#229;valla Festival, plus grand festival de musique de Su&#232;de. Et pour &#233;viter de pointer du doigt les coupables, principalement des migrants d&#8217;origine africaine, il a d&#233;cid&#233; de ne plus reconduire le festival. <\/p>\n<p align=\"justify\">En 2016, 12 cas d&#8217;agressions sexuelles avaient &#233;t&#233; signal&#233;s. Un d&#233;bat national avait pris forme quand il apparut que, selon les rapports de police, les suspects &#233;taient principalement Afghans et Marocains. Cette ann&#233;e, une jeune fille de 15 ans a &#233;t&#233; viol&#233;e pendant un des concerts. Selon le rapport de la police, la jeune fille a &#233;t&#233; viol&#233;e au milieu de la foule, devant la sc&#232;ne, et personne n&#8217;a r&#233;agi, personne n&#8217;est intervenu. &#171; C&#8217;est terrible que quelqu&#8217;un doive vivre une telle chose avec autant de personnes autour, &#187; a d&#233;clar&#233; un porte-parole de la police, Thomas Agnevik, &#224; Aftonbladet. <\/p>\n<p align=\"justify\">Pendant le Festival de V&#228;ster&#229;s, deux plaintes pour viols ont &#233;t&#233; d&#233;pos&#233;es, dont un sur une jeune fille de 16 ans. Une jeune femme de 26 ans a &#233;galement rapport&#233; avoir &#233;t&#233; viol&#233;e apr&#232;s le festival. <\/p>\n<p align=\"justify\">Les Su&#233;dois se sont inflig&#233; un tel lavage de cerveau pour s&#8217;interdire de d&#233;signer le mal, de d&#233;signer les coupables, de voir que l&#8217;immigration africaine ne leur apporte que le d&#233;sastre et la violence, qu&#8217;ils en arrivent &#224; s&#8217;accuser eux-m&#234;mes des maux qu&#8217;ils ont import&#233;s. Ainsi, apprenant que des viols se sont produits pendant le concert qu&#8217;il donnait, Sonny Fahlberg, du duo Norlie &amp; KKV, a d&#233;clar&#233; &#171; j&#8217;ai honte d&#8217;&#234;tre un homme dans une telle situation. &#187; <\/p>\n<p align=\"justify\">Faut-il lui dire que contrairement &#224; certains pays musulmans o&#249; un homme accus&#233; de viol peut s&#8217;en tirer sans la moindre condamnation s&#8217;il &#233;pouse sa victime, o&#249; l&#8217;absence de t&#233;moins permet de retourner l&#8217;accusation contre la femme viol&#233;e qui d&#233;pose plainte, la culture de l&#8217;agression sexuelle est s&#233;v&#232;rement punie dans les pays occidentaux &#233;volu&#233;s ? Mais l&#8217;annulation du plus important festival de musique de Su&#232;de afin de ne pas d&#233;signer les vrais coupables ne va pas assez loin. En r&#233;ponse aux derniers viols qui se sont produits dans les festivals, dont Br&#229;valla, une com&#233;dienne, Emma Knyckare, a d&#233;cid&#233; d&#8217;organiser un festival&#8230; sans hommes. Pas sans migrants, ce serait raciste, m&#234;me si cela permettait d&#8217;&#233;viter les viols, mais sans aucun homme. Dans un tweet, l&#8217;artiste a expliqu&#233; &#171; que diriez-vous d&#8217;organiser un festival vraiment cool, o&#249; seulement les personnes non masculines seront admises, et qui se poursuivra jusqu&#8217;&#224; ce que TOUS les hommes aient appris &#224; bien se conduire ? &#187; <\/p>\n<p align=\"justify\">TOUS les hommes &#233;crit en majuscule peut &#234;tre interpr&#233;t&#233; comme dirig&#233; contre les migrants, mais ce n&#8217;est m&#234;me pas certain, car le politiquement correct est all&#233; si loin, qu&#8217;il a envahi les esprits et d&#233;truit toute pens&#233;e coh&#233;rente. Rapidement, un &#233;lan s&#8217;est cr&#233;&#233; et il semble bien qu&#8217;un festival sans homme se tienne en 2018. Il faut dire que les Su&#233;doises sont marqu&#233;es par la violence sexuelle qui s&#8217;est abattue sur elles. En 2015, le festival de Stockholm avait battu le triste record de 38 viols et agressions sexuelles, commises par une cinquantaine d&#8217;Afghans, et la police avait &#233;t&#233; accus&#233;e de cacher les informations pour prot&#233;ger l&#8217;id&#233;e d&#8217;immigration heureuse. <\/p>\n<p align=\"justify\">La Su&#232;de n&#8217;a pas mis fin &#224; sa politique d&#8217;immigration portes ouvertes. Elle n&#8217;est pas en mesure d&#8217;int&#233;grer ses immigrants dans une culture profond&#233;ment diff&#233;rente. Les Su&#233;dois sont vou&#233;s &#224; dispara&#238;tre, absorb&#233;s par le taux de natalit&#233; &#233;lev&#233; des Africains. Les autorit&#233;s su&#233;doises doivent faire face &#224; un nouveau d&#233;fi : l&#8217;arriv&#233;e de r&#233;fugi&#233;es. Jusqu&#8217;&#224; pr&#233;sent, les migrants sont des hommes. Les centres d&#8217;accueil qui ont &#233;t&#233; cr&#233;&#233;s sont organis&#233;s pour ne recevoir que des hommes, et les lieux pour accueillir des femmes n&#8217;existent pas. De plus, de plus en plus de jeunes filles r&#233;fugi&#233;es qui frappent aux portes grandes ouvertes de la Su&#232;de sont d&#233;j&#224; m&#232;res de plusieurs enfants. Enfin, les r&#233;fugi&#233;s &#171; mineurs &#187; font maintenant venir femmes et enfants, et posent de nouveaux probl&#232;mes soci&#233;taux que la Su&#232;de n&#8217;avait pas envisag&#233;s. <\/p>\n<p align=\"justify\">\n    <strong>La Su&#232;de estime &#224; 2.000 le nombre d&#8217;islamistes radicalis&#233;s sur son sol <\/strong>\n  <\/p>\n<p align=\"justify\">\n    <strong><br \/>\n    <\/strong>\n  <\/p>\n<p align=\"center\">\n    <img decoding=\"async\" style=\"border-top-color: ; border-left-color: ; border-bottom-color: ; border-right-color: \" border=\"0\" hspace=\"5\" alt=\"\" vspace=\"5\" src=\"\/all_uploads\/uploads-oct17\/31.10.2017\/13534\/13534_5.jpg\" \/>&#160;<\/p>\n<p align=\"justify\">\n    <strong><br \/>\n    <\/strong>\n  <\/p>\n<p align=\"justify\">Quelque 2.000 islamistes radicalis&#233;s se trouvent actuellement sur le sol su&#233;dois, dix fois plus qu&#8217;en 2010, mais seule une poign&#233;e d&#8217;entre eux est susceptible de commettre un acte violent, a indiqu&#233; lundi le chef du renseignement. Sur les 3.000 extr&#233;mistes partisans de l&#8217;action violente recens&#233;s par la Police de s&#233;curit&#233; (S&#228;po) du pays scandinave, 2.000 appartiennent &#224; la mouvance islamiste. Environ 300 autres sont partis en Syrie ou en Irak depuis 2012 &#8211; dont 140 sont revenus &#8211; et les 600 ou 700 restants &#233;voluent dans la n&#233;buleuse d&#8217;extr&#234;me droite ou les milieux de la gauche radicale. <\/p>\n<p align=\"justify\">En 2010, la S&#228;po estimait le nombre d&#8217;islamistes radicalis&#233;s en Su&#232;de &#224; 200. &#171; Il est important que nous tous, en Su&#232;de, prenions nos responsabilit&#233;s pour endiguer cette &#233;volution (&#8230;) avant que ne se produise un attentat ou un acte violent que nous redoutions &#187;, s&#8217;est alarm&#233; le patron de l&#8217;agence, Anders Thornberg, dans un entretien &#224; l&#8217;agence TT. Selon M. Thornberg, la forte augmentation de ce chiffre est principalement due &#224; la propagande de l&#8217;organisation &#201;tat islamique (EI), qui a uni diff&#233;rents groupes d&#8217;extr&#233;mistes islamistes. <\/p>\n<p>    <strong><\/p>\n<p>yogaesoteric<\/strong><\/p>\n<p>    <strong>5 novembre 2017<\/strong><\/p>\n","protected":false},"excerpt":{"rendered":"<p>C&#8217;&#233;tait devenu une institution : Br&#229;valla, le plus grand festival de rock en Su&#232;de voit advenir sa fin. Et ce n&#8217;est pas par manque d&#8217;argent. Mais par une recrudescence ing&#233;rable, malgr&#233; les forces de s&#233;curit&#233;, des agressions sexuelles, viols et autres attouchements. Commis par qui ? Si les ann&#233;es pass&#233;es, la presse avait parl&#233; de [&hellip;]<\/p>\n","protected":false},"author":1,"featured_media":0,"comment_status":"open","ping_status":"open","sticky":false,"template":"","format":"standard","meta":{"_uf_show_specific_survey":0,"_uf_disable_surveys":false,"footnotes":""},"categories":[386],"tags":[],"class_list":["post-19055","post","type-post","status-publish","format-standard","hentry","category-nouvelles-1602-fr"],"_links":{"self":[{"href":"https:\/\/yogaesoteric.net\/fr\/wp-json\/wp\/v2\/posts\/19055","targetHints":{"allow":["GET"]}}],"collection":[{"href":"https:\/\/yogaesoteric.net\/fr\/wp-json\/wp\/v2\/posts"}],"about":[{"href":"https:\/\/yogaesoteric.net\/fr\/wp-json\/wp\/v2\/types\/post"}],"author":[{"embeddable":true,"href":"https:\/\/yogaesoteric.net\/fr\/wp-json\/wp\/v2\/users\/1"}],"replies":[{"embeddable":true,"href":"https:\/\/yogaesoteric.net\/fr\/wp-json\/wp\/v2\/comments?post=19055"}],"version-history":[{"count":0,"href":"https:\/\/yogaesoteric.net\/fr\/wp-json\/wp\/v2\/posts\/19055\/revisions"}],"wp:attachment":[{"href":"https:\/\/yogaesoteric.net\/fr\/wp-json\/wp\/v2\/media?parent=19055"}],"wp:term":[{"taxonomy":"category","embeddable":true,"href":"https:\/\/yogaesoteric.net\/fr\/wp-json\/wp\/v2\/categories?post=19055"},{"taxonomy":"post_tag","embeddable":true,"href":"https:\/\/yogaesoteric.net\/fr\/wp-json\/wp\/v2\/tags?post=19055"}],"curies":[{"name":"wp","href":"https:\/\/api.w.org\/{rel}","templated":true}]}}