{"id":227939,"date":"2026-03-11T19:33:01","date_gmt":"2026-03-11T19:33:01","guid":{"rendered":"https:\/\/yogaesoteric.net\/?p=227939"},"modified":"2026-03-11T19:33:01","modified_gmt":"2026-03-11T19:33:01","slug":"la-francaise-marine-le-pen-declare-quelle-ne-se-presentera-pas-aux-elec-tions-de-2027-si-elle-est-assignee-a-residence-et-designe-son-successeur","status":"publish","type":"post","link":"https:\/\/yogaesoteric.net\/fr\/la-francaise-marine-le-pen-declare-quelle-ne-se-presentera-pas-aux-elec-tions-de-2027-si-elle-est-assignee-a-residence-et-designe-son-successeur\/","title":{"rendered":"La Fran\u00e7aise Marine Le Pen d\u00e9clare qu\u2019elle ne se pr\u00e9sentera pas aux \u00e9lec-tions de 2027 si elle est assign\u00e9e \u00e0 r\u00e9sidence et d\u00e9signe son successeur"},"content":{"rendered":"<p>En mars 2025, Marine Le Pen a \u00e9t\u00e9 condamn\u00e9e pour des faits remontant \u00e0 plusieurs ann\u00e9es, dans le cadre d\u2019une d\u00e9cision largement contest\u00e9e et consid\u00e9r\u00e9e comme une tentative hautement politique visant \u00e0 l\u2019emp\u00eacher de se pr\u00e9senter \u00e0 l\u2019\u00e9lection pr\u00e9sidentielle de l\u2019ann\u00e9e suivante.<\/p>\n<p><img loading=\"lazy\" decoding=\"async\" class=\"aligncenter wp-image-227940\" src=\"https:\/\/yogaesoteric.net\/wp-content\/uploads\/2026\/03\/1-25-300x200.jpg\" alt=\"\" width=\"560\" height=\"374\" srcset=\"https:\/\/yogaesoteric.net\/wp-content\/uploads\/2026\/03\/1-25-300x200.jpg 300w, https:\/\/yogaesoteric.net\/wp-content\/uploads\/2026\/03\/1-25-768x513.jpg 768w, https:\/\/yogaesoteric.net\/wp-content\/uploads\/2026\/03\/1-25.jpg 800w\" sizes=\"auto, (max-width: 560px) 100vw, 560px\" \/><\/p>\n<p>Actuellement, elle affirme qu\u2019elle n\u2019a pas l\u2019intention de se pr\u00e9senter si son interdiction de se pr\u00e9senter est lev\u00e9e, si cela signifie qu\u2019elle doit porter un bracelet \u00e9lectronique, c\u2019est-\u00e0-dire un bracelet de surveillance.<\/p>\n<p>Elle est \u00e9galement pr\u00eate \u00e0 faire pleinement confiance \u00e0 Jordan Bardella, l\u2019actuel leader du Rassemblement national (RN).<\/p>\n<p>Les commentaires de Marine Le Pen ont \u00e9t\u00e9 formul\u00e9s lors d\u2019une interview accord\u00e9e \u00e0 la cha\u00eene de t\u00e9l\u00e9vision fran\u00e7aise <em>BFMTV<\/em>, sa premi\u00e8re depuis que les procureurs fran\u00e7ais ont demand\u00e9 \u00e0 un tribunal de confirmer son interdiction d\u2019exercer pendant cinq ans. Une d\u00e9cision dans son affaire est attendue le 7 juillet.<\/p>\n<p>\u00ab <em>On ne peut pas faire campagne dans ces conditions. Peut-on faire campagne sans sortir le soir pour rencontrer ses \u00e9lecteurs lors de rassemblements ? <\/em>\u00bb, a-t-elle demand\u00e9, faisant r\u00e9f\u00e9rence \u00e0 l\u2019id\u00e9e de devoir faire campagne tout en portant un bracelet \u00e9lectronique et en \u00e9tant assign\u00e9e \u00e0 r\u00e9sidence.<\/p>\n<blockquote class=\"twitter-tweet\" data-width=\"550\" data-dnt=\"true\">\n<p lang=\"en\" dir=\"ltr\">BREAKING:<\/p>\n<p>Today marks the day democracy died in France.<\/p>\n<p>A judge ruled Marine Le Pen is ineligible to run for president in 2027.<\/p>\n<p>She is the frontrunner.<\/p>\n<p>8 MEPs from her party are also barred from participating in elections. <\/p>\n<p>Judges are now deciding elections across the EU. <a href=\"https:\/\/t.co\/HHuMv8hsja\">pic.twitter.com\/HHuMv8hsja<\/a><\/p>\n<p>&mdash; Remix News &amp; Views (@RMXnews) <a href=\"https:\/\/twitter.com\/RMXnews\/status\/1906651785734799635?ref_src=twsrc%5Etfw\">March 31, 2025<\/a><\/p><\/blockquote>\n<p><script async src=\"https:\/\/platform.twitter.com\/widgets.js\" charset=\"utf-8\"><\/script><\/p>\n<p>Les procureurs avaient requis une peine de quatre ans de prison (dont trois avec sursis) et une amende de 100.000 euros \u00e0 l\u2019encontre de Marine Le Pen.<\/p>\n<p>En France, les peines de prison de courte dur\u00e9e sont souvent commu\u00e9es, ce qui signifie que si le tribunal suit la demande du procureur, Marine Le Pen pourrait passer entre quelques mois et un an en r\u00e9sidence surveill\u00e9e, \u00e9quip\u00e9e d\u2019un bracelet \u00e9lectronique.<\/p>\n<p>Cependant, Marine Le Pen a d\u00e9clar\u00e9 qu\u2019elle ne ferait pas campagne dans de telles circonstances.<\/p>\n<p>Marine Le Pen a d\u00e9clar\u00e9 qu\u2019elle serait pr\u00e9sente au tribunal le 7 juillet pour entendre la d\u00e9cision de la cour d\u2019appel.<\/p>\n<p>\u00ab<em> Bien s\u00fbr que j\u2019irai, comme je me suis rendue tous les jours au proc\u00e8s en premi\u00e8re instance et en appel, car je respecte la justice <\/em>\u00bb, a-t-elle d\u00e9clar\u00e9 \u00e0 <em>BFMTV<\/em>.<\/p>\n<p>Concernant les \u00e9lections de 2027, Marine Le Pen a d\u00e9clar\u00e9 \u00e0 propos du leader du RN, Jordan Bardella :<\/p>\n<p>\u00ab Le meilleur sc\u00e9nario serait que je sois \u00e9lue pr\u00e9sidente de la R\u00e9publique et qu\u2019il soit mon Premier ministre. \u00bb<\/p>\n<p>Toutefois, si elle ne peut pas se pr\u00e9senter, \u00ab <em>Jordan se trouvera un Premier ministre<\/em> \u00bb et elle assumera le \u00ab<em> r\u00f4le qu\u2019il voudra me confier<\/em> \u00bb.<\/p>\n<p>Soulignant que Jordan Bardella sera libre de faire ses propres choix, Marine Le Pen a d\u00e9clar\u00e9 aux auditeurs : \u00ab Si je ne peux pas \u00eatre candidate, c\u2019est lui qui d\u00e9terminera \u00e0 quel niveau il aura besoin de ma pr\u00e9sence, de mes conseils et de mon exp\u00e9rience. \u00bb<\/p>\n<p>&nbsp;<\/p>\n<p><strong>yogaesoteric<br \/>\n11 mars 20<\/strong><\/p>\n","protected":false},"excerpt":{"rendered":"<p>En mars 2025, Marine Le Pen a \u00e9t\u00e9 condamn\u00e9e pour des faits remontant \u00e0 plusieurs ann\u00e9es, dans le cadre d\u2019une d\u00e9cision largement contest\u00e9e et consid\u00e9r\u00e9e comme une tentative hautement politique visant \u00e0 l\u2019emp\u00eacher de se pr\u00e9senter \u00e0 l\u2019\u00e9lection pr\u00e9sidentielle de l\u2019ann\u00e9e suivante. Actuellement, elle affirme qu\u2019elle n\u2019a pas l\u2019intention de se pr\u00e9senter si son interdiction [&hellip;]<\/p>\n","protected":false},"author":5,"featured_media":0,"comment_status":"open","ping_status":"open","sticky":false,"template":"","format":"standard","meta":{"_uf_show_specific_survey":0,"_uf_disable_surveys":false,"footnotes":""},"categories":[1088],"tags":[],"class_list":["post-227939","post","type-post","status-publish","format-standard","hentry","category-nouvelles-censurees-politique-5127-fr"],"_links":{"self":[{"href":"https:\/\/yogaesoteric.net\/fr\/wp-json\/wp\/v2\/posts\/227939","targetHints":{"allow":["GET"]}}],"collection":[{"href":"https:\/\/yogaesoteric.net\/fr\/wp-json\/wp\/v2\/posts"}],"about":[{"href":"https:\/\/yogaesoteric.net\/fr\/wp-json\/wp\/v2\/types\/post"}],"author":[{"embeddable":true,"href":"https:\/\/yogaesoteric.net\/fr\/wp-json\/wp\/v2\/users\/5"}],"replies":[{"embeddable":true,"href":"https:\/\/yogaesoteric.net\/fr\/wp-json\/wp\/v2\/comments?post=227939"}],"version-history":[{"count":1,"href":"https:\/\/yogaesoteric.net\/fr\/wp-json\/wp\/v2\/posts\/227939\/revisions"}],"predecessor-version":[{"id":227943,"href":"https:\/\/yogaesoteric.net\/fr\/wp-json\/wp\/v2\/posts\/227939\/revisions\/227943"}],"wp:attachment":[{"href":"https:\/\/yogaesoteric.net\/fr\/wp-json\/wp\/v2\/media?parent=227939"}],"wp:term":[{"taxonomy":"category","embeddable":true,"href":"https:\/\/yogaesoteric.net\/fr\/wp-json\/wp\/v2\/categories?post=227939"},{"taxonomy":"post_tag","embeddable":true,"href":"https:\/\/yogaesoteric.net\/fr\/wp-json\/wp\/v2\/tags?post=227939"}],"curies":[{"name":"wp","href":"https:\/\/api.w.org\/{rel}","templated":true}]}}