{"id":232489,"date":"2026-04-27T13:07:51","date_gmt":"2026-04-27T13:07:51","guid":{"rendered":"https:\/\/yogaesoteric.net\/?p=232489"},"modified":"2026-04-27T13:07:51","modified_gmt":"2026-04-27T13:07:51","slug":"une-analyse-allemande-du-changement-de-pouvoir-en-hongrie","status":"publish","type":"post","link":"https:\/\/yogaesoteric.net\/fr\/une-analyse-allemande-du-changement-de-pouvoir-en-hongrie\/","title":{"rendered":"Une analyse allemande du changement de pouvoir en Hongrie"},"content":{"rendered":"<p style=\"text-align: right;\"><em>par <\/em><em>Conny Axel Meier<\/em><\/p>\n<p>\u00ab <em>Quand une vache se sent trop bien, elle finit sur la glace. L\u2019\u00c9tat hongrois, fond\u00e9 le 20 ao\u00fbt 1000 apr. J.-C., a choisi le 12 avril 2026 la voie de sa propre chute et cessera bient\u00f4t d\u2019exister en tant qu\u2019\u00c9tat souverain <\/em>\u00bb<em>.<img loading=\"lazy\" decoding=\"async\" class=\"aligncenter size-full wp-image-232493\" src=\"https:\/\/yogaesoteric.net\/wp-content\/uploads\/2026\/04\/232489_1.jpg\" alt=\"\" width=\"560\" height=\"412\" srcset=\"https:\/\/yogaesoteric.net\/wp-content\/uploads\/2026\/04\/232489_1.jpg 560w, https:\/\/yogaesoteric.net\/wp-content\/uploads\/2026\/04\/232489_1-300x221.jpg 300w, https:\/\/yogaesoteric.net\/wp-content\/uploads\/2026\/04\/232489_1-86x64.jpg 86w\" sizes=\"auto, (max-width: 560px) 100vw, 560px\" \/><\/em><\/p>\n<p>Dans les ann\u00e9es \u00e0 venir, en Hongrie, il ne restera litt\u00e9ralement pas pierre sur pierre. Les ravages caus\u00e9s par plus de 150 ans d\u2019occupation brutale par les mahom\u00e9tans depuis la bataille perdue de Moh\u00e1cs le 29 ao\u00fbt 1526 seront surpass\u00e9s par ceux que laisseront derri\u00e8re eux, dans les ann\u00e9es \u00e0 venir, les kakistocrates de l\u2019UE avec leur futur gouverneur, la marionnette par la gr\u00e2ce d\u2019\u00ab Uschi \u00bb, P\u00e9ter Magyar. \u00c0 Bruxelles, les bouchons de champagne sautent. L\u2019auteur consid\u00e9rait le r\u00e9sultat \u00e9lectoral en faveur des satrapes de l\u2019UE comme impensable. Pourtant, c\u2019est arriv\u00e9 \u2013 et pire encore. M\u00eame les accusations de fraude \u00e9lectorale a posteriori n\u2019y changent rien : la Hongrie se suicide sous nos yeux et nous sommes contraints d\u2019y assister au premier rang. Pourquoi, au nom du ciel, les Hongrois sont-ils si na\u00effs ?<\/p>\n<p>Chers Hongrois jusqu\u2019ici estim\u00e9s : vous avez vendu votre \u00e2me et votre pays aux d\u00e9mons de Bruxelles sans n\u00e9cessit\u00e9 ! La Hongrie ne s\u2019est pas seulement tir\u00e9 une balle dans le pied, mais a aussi nui \u00e0 tout l\u2019Occident. Jamais dans leur histoire les citoyens ordinaires hongrois n\u2019ont v\u00e9cu aussi bien qu\u2019aujourd\u2019hui. Les \u00e9volutions positives de ces derni\u00e8res ann\u00e9es sont impressionnantes. Et pourtant, ils ont choisi la chute.<\/p>\n<p>L\u2019ascension de P\u00e9ter Magyar et du parti Tisza constitue un exemple typique d\u2019une r\u00e9orientation politique syst\u00e9mique, orchestr\u00e9e pour d\u00e9manteler une souverainet\u00e9 nationale solidement ancr\u00e9e au profit d\u2019une int\u00e9gration centralis\u00e9e plus large au sein de l\u2019Union europ\u00e9enne. Alors que Magyar est pr\u00e9sent\u00e9 dans les m\u00e9dias occidentaux comme un rebelle conservateur issu de la base, il sert en r\u00e9alit\u00e9 d\u2019outil ex\u00e9cutif au Parti populaire europ\u00e9en (PPE) et \u00e0 l\u2019ensemble de l\u2019establishment bruxellois pour neutraliser la position rebelle de Viktor Orb\u00e1n. Il est le bulldozer qui forcera le pays \u00e0 devenir une colonie \u00e9cosocialiste conforme \u00e0 l\u2019UE, sous la coupe des ineptocrates bruxellois.<\/p>\n<p><strong>Quel sera l\u2019avenir de la Hongrie sous une administration coloniale bruxelloise ?<\/strong><\/p>\n<p>Une majorit\u00e9 des deux tiers permettra au nouveau gouverneur colonial Magyar de suspendre imm\u00e9diatement la constitution et d\u2019exproprier financi\u00e8rement les Hongrois afin de sacrifier la prosp\u00e9rit\u00e9 du pays au profit du \u00ab clown \u00bb de Kiev. Les Hongrois avaient le choix entre guerre et paix. Ils ont choisi la guerre. Entre libert\u00e9 et servitude : ils ont choisi la servitude. Entre s\u00e9curit\u00e9 et chaos : ils ont choisi le chaos.<\/p>\n<p>Les milliards gel\u00e9s \u00e0 Bruxelles seront certes imm\u00e9diatement d\u00e9bloqu\u00e9s, mais ils ne profiteront pas \u00e0 la population, servant plut\u00f4t largement \u00e0 l\u2019Ukraine pour prolonger la guerre et remplir les poches de politiciens corrompus. Magyar a chang\u00e9 de position de mani\u00e8re tactique : au lieu de d\u00e9noncer ces fonds gel\u00e9s comme injustes, il en rejette d\u00e9sormais la responsabilit\u00e9 sur le gouvernement Orb\u00e1n et se positionne ainsi comme un serviteur docile pour leur d\u00e9blocage. Bien s\u00fbr, il ment.<\/p>\n<p><strong>L\u2019illusion du \u00ab changement de r\u00e9gime \u00bb<\/strong><\/p>\n<p>L\u2019establishment bruxellois a besoin d\u2019une transition contr\u00f4l\u00e9e. Un bouleversement radical serait trop d\u00e9stabilisant. Il vise donc un \u00ab changement de r\u00e9gime \u00bb qui conserve une apparence d\u2019identit\u00e9 nationale tout en mettant fin \u00e0 l\u2019ind\u00e9pendance politique r\u00e9elle et \u00e0 la souverainet\u00e9 de la Hongrie.<\/p>\n<p>Il voudra jouer le \u00ab Merz hongrois \u00bb et renverser toutes ses promesses \u00e9lectorales. Il promettait de prot\u00e9ger la fronti\u00e8re sud contre l\u2019immigration de masse musulmane ; il signera au contraire le pacte migratoire de l\u2019UE et acceptera la r\u00e9partition des \u00ab r\u00e9fugi\u00e9s \u00bb, inondant le pays de criminels. 327 ans apr\u00e8s l\u2019expulsion des derniers occupants musulmans, le pays sera \u00e0 nouveau islamis\u00e9 \u2013 progressivement. Le mod\u00e8le peut d\u00e9j\u00e0 \u00eatre observ\u00e9 en Allemagne, en France et en Grande-Bretagne.<\/p>\n<p><strong>Le calcul strat\u00e9gique<\/strong><\/p>\n<p>L\u2019analyste politique Tony Seruga r\u00e9sume ainsi sur \u00ab X \u00bb :<\/p>\n<p>\u00ab<em> En soutenant la Hongrie, l\u2019UE mise essentiellement sur une influence institutionnelle. En promouvant une personne qui promet de r\u00e9tablir la confiance envers Bruxelles, elle esp\u00e8re :<\/em><\/p>\n<ul>\n<li><em>neutraliser le veto hongrois face \u00e0 la centralisation de l\u2019UE et \u00e0 l\u2019\u00e9largissement du mandat mon\u00e9taire commun ;<\/em><\/li>\n<li><em>int\u00e9grer Budapest plus \u00e9troitement dans la politique de s\u00e9curit\u00e9 et \u00e9trang\u00e8re de l\u2019UE ;<\/em><\/li>\n<li><em>\u00e9touffer toute dissidence en prouvant que les critiques du \u201cmafia state\u201d peuvent \u00eatre r\u00e9gl\u00e9es par les proc\u00e9dures institutionnelles habituelles <\/em>\u00bb<em>.<\/em><\/li>\n<\/ul>\n<p>Le PPE cherche depuis longtemps un partenaire docile \u00e0 Budapest pour r\u00e9soudre le \u00ab probl\u00e8me hongrois \u00bb \u2013 le refus persistant du gouvernement Fidesz de se soumettre aux directives de l\u2019UE. Magyar appara\u00eet comme le v\u00e9hicule id\u00e9al, issu du syst\u00e8me lui-m\u00eame, lui conf\u00e9rant une l\u00e9gitimit\u00e9 interne. Un loup d\u00e9guis\u00e9 en mouton.<img loading=\"lazy\" decoding=\"async\" class=\"aligncenter size-full wp-image-232490\" src=\"https:\/\/yogaesoteric.net\/wp-content\/uploads\/2026\/04\/232489_2.jpg\" alt=\"\" width=\"560\" height=\"469\" srcset=\"https:\/\/yogaesoteric.net\/wp-content\/uploads\/2026\/04\/232489_2.jpg 560w, https:\/\/yogaesoteric.net\/wp-content\/uploads\/2026\/04\/232489_2-300x251.jpg 300w\" sizes=\"auto, (max-width: 560px) 100vw, 560px\" \/><\/p>\n<p><strong>Mesures attendues<\/strong><\/p>\n<ul>\n<li>Suspension de la constitution avec une majorit\u00e9 des 2\/3<\/li>\n<li>Lev\u00e9e du veto sur les cr\u00e9dits de l\u2019UE \u00e0 l\u2019Ukraine<\/li>\n<li>Soutien total aux sanctions contre la Russie<\/li>\n<li>Signature du pacte migratoire et ouverture des fronti\u00e8res<\/li>\n<li>Accueil massif de demandeurs d\u2019asile<\/li>\n<li>Suspension des amendes journali\u00e8res<\/li>\n<li>R\u00e9duction ou taxation des retraites<\/li>\n<li>Suppression des aides familiales<\/li>\n<li>Introduction de la propagande LGBT \u00e0 l\u2019\u00e9cole<\/li>\n<li>Suppression des aides \u00e9nerg\u00e9tiques<\/li>\n<li>D\u00e9localisation industrielle<\/li>\n<li>Fermeture de la centrale nucl\u00e9aire de Paks<\/li>\n<li>Chute des prix immobiliers<\/li>\n<li>D\u00e9part des expatri\u00e9s allemands et autrichiens<\/li>\n<li>Baisse des salaires<\/li>\n<li>Hausse des imp\u00f4ts<\/li>\n<li>Pr\u00e9paration \u00e0 la guerre<\/li>\n<li>Introduction de la censure<\/li>\n<li>Restriction de la libert\u00e9 d\u2019expression<\/li>\n<li>Pers\u00e9cution des opposants<\/li>\n<li>Application totale des directives bruxelloises<\/li>\n<li>Enrichissement des nouveaux dirigeants<\/li>\n<\/ul>\n<p>Il reste \u00e0 voir si les monuments de la place des H\u00e9ros \u00e0 Budapest seront remplac\u00e9s par des statues d\u2019Ursula I, de Manfred Weber et de Zelensky. Il n\u2019est pas non plus d\u00e9cid\u00e9 si la f\u00eate nationale du 23 octobre sera remplac\u00e9e par une \u00ab journ\u00e9e de lib\u00e9ration de Viktor Orb\u00e1n \u00bb. <em>F<\/em><em>in de la satire<\/em><\/p>\n<p><strong>Les objectifs de l\u2019UE<\/strong><\/p>\n<p>L\u2019objectif d\u00e9clar\u00e9 de l\u2019Union europ\u00e9enne est la consolidation totale du pouvoir politique, \u00e9conomique et social dans un super-\u00c9tat technocratique centralis\u00e9. Les slogans comme \u00ab <em>union toujours plus \u00e9troite <\/em>\u00bb ou \u00ab <em>paix et prosp\u00e9rit\u00e9 <\/em>\u00bb ne servent que de justification \u00e0 l\u2019\u00e9rosion syst\u00e9matique de la souverainet\u00e9 nationale.<\/p>\n<p>La suppression des opinions dissidentes est essentielle \u00e0 ce projet. Toute revendication de souverainet\u00e9 nationale est qualifi\u00e9e de \u00ab populisme \u00bb ou de \u00ab d\u00e9sinformation \u00bb. Une fois au pouvoir, ils n\u2019ont aucune intention de le rendre.<\/p>\n<p>L\u2019auteur, vivant en Hongrie depuis plus de sept ans, se retrouve aujourd\u2019hui face \u00e0 un dilemme : il ne lui semble plus possible d\u2019y vivre librement, en paix et en s\u00e9curit\u00e9 comme auparavant. Cela lui para\u00eet inconcevable.<\/p>\n<p>Avec son \u00e9pouse, il se demande d\u00e9sormais : que faire ? Partir ? Et si oui, o\u00f9 ? Vers un pays des Balkans non encore int\u00e9gr\u00e9 \u00e0 l\u2019UE ? Les prochains jours seront d\u00e9cisifs.<\/p>\n<p>Un ami allemand vivant \u00e9galement en Hongrie lui a \u00e9crit :<\/p>\n<p>\u00ab<em> Il faut bien le dire : c\u2019est un peuple ingrat \u2013 et il sera puni pour cela. Le 12 avril 2026 restera dans l\u2019histoire comme le jour du suicide de la nation hongroise. R.I.P Hungary <\/em>\u00bb<em>.<\/em><\/p>\n<p>\u00c0 ce constat, l\u2019auteur n\u2019a malheureusement rien \u00e0 r\u00e9pondre. Quel dommage, c\u2019\u00e9tait si beau ici.<\/p>\n<p>&nbsp;<\/p>\n<p><strong>yogaesoteric<br \/>\n27 avril 2026<\/strong><\/p>\n<p>&nbsp;<\/p>\n","protected":false},"excerpt":{"rendered":"<p>par Conny Axel Meier \u00ab Quand une vache se sent trop bien, elle finit sur la glace. L\u2019\u00c9tat hongrois, fond\u00e9 le 20 ao\u00fbt 1000 apr. J.-C., a choisi le 12 avril 2026 la voie de sa propre chute et cessera bient\u00f4t d\u2019exister en tant qu\u2019\u00c9tat souverain \u00bb. Dans les ann\u00e9es \u00e0 venir, en Hongrie, il [&hellip;]<\/p>\n","protected":false},"author":3,"featured_media":0,"comment_status":"open","ping_status":"open","sticky":false,"template":"","format":"standard","meta":{"_uf_show_specific_survey":0,"_uf_disable_surveys":false,"footnotes":""},"categories":[383],"tags":[],"class_list":["post-232489","post","type-post","status-publish","format-standard","hentry","category-opinions-1602-fr"],"_links":{"self":[{"href":"https:\/\/yogaesoteric.net\/fr\/wp-json\/wp\/v2\/posts\/232489","targetHints":{"allow":["GET"]}}],"collection":[{"href":"https:\/\/yogaesoteric.net\/fr\/wp-json\/wp\/v2\/posts"}],"about":[{"href":"https:\/\/yogaesoteric.net\/fr\/wp-json\/wp\/v2\/types\/post"}],"author":[{"embeddable":true,"href":"https:\/\/yogaesoteric.net\/fr\/wp-json\/wp\/v2\/users\/3"}],"replies":[{"embeddable":true,"href":"https:\/\/yogaesoteric.net\/fr\/wp-json\/wp\/v2\/comments?post=232489"}],"version-history":[{"count":1,"href":"https:\/\/yogaesoteric.net\/fr\/wp-json\/wp\/v2\/posts\/232489\/revisions"}],"predecessor-version":[{"id":232496,"href":"https:\/\/yogaesoteric.net\/fr\/wp-json\/wp\/v2\/posts\/232489\/revisions\/232496"}],"wp:attachment":[{"href":"https:\/\/yogaesoteric.net\/fr\/wp-json\/wp\/v2\/media?parent=232489"}],"wp:term":[{"taxonomy":"category","embeddable":true,"href":"https:\/\/yogaesoteric.net\/fr\/wp-json\/wp\/v2\/categories?post=232489"},{"taxonomy":"post_tag","embeddable":true,"href":"https:\/\/yogaesoteric.net\/fr\/wp-json\/wp\/v2\/tags?post=232489"}],"curies":[{"name":"wp","href":"https:\/\/api.w.org\/{rel}","templated":true}]}}