{"id":232515,"date":"2026-04-28T15:31:46","date_gmt":"2026-04-28T15:31:46","guid":{"rendered":"https:\/\/yogaesoteric.net\/?p=232515"},"modified":"2026-04-28T15:31:46","modified_gmt":"2026-04-28T15:31:46","slug":"ils-crient-ia-jentends-hi-han","status":"publish","type":"post","link":"https:\/\/yogaesoteric.net\/fr\/ils-crient-ia-jentends-hi-han\/","title":{"rendered":"Ils crient \u00ab IA \u00bb, j\u2019entends \u00ab hi-han \u00bb"},"content":{"rendered":"<p style=\"text-align: right;\"><em>par <\/em><em>Louis Volta<\/em><\/p>\n<p>Petite confession : l\u2019intelligence artificielle ou IA suscite chez moi des sentiments m\u00eal\u00e9s. En effet, je ne peux m\u2019emp\u00eacher d\u2019h\u00e9siter entre la crainte et la consternation.<img loading=\"lazy\" decoding=\"async\" class=\"aligncenter size-full wp-image-232522\" src=\"https:\/\/yogaesoteric.net\/wp-content\/uploads\/2026\/04\/232515_1.jpg\" alt=\"\" width=\"560\" height=\"327\" srcset=\"https:\/\/yogaesoteric.net\/wp-content\/uploads\/2026\/04\/232515_1.jpg 560w, https:\/\/yogaesoteric.net\/wp-content\/uploads\/2026\/04\/232515_1-300x175.jpg 300w\" sizes=\"auto, (max-width: 560px) 100vw, 560px\" \/><\/p>\n<p>Bien s\u00fbr, j\u2019aurais pu vous \u00e9crire ce titre : \u00ab <em>Pourquoi je hais l\u2019IA <\/em>\u00bb, mais c\u2019est exactement ce que l\u2019IA aurait pu \u00e9crire pour moi.<\/p>\n<p>Pour une simple et bonne raison : l\u2019IA est l\u2019outil intellectuel par excellence, et comme tel, il est en train de produire la plus grande atrophie c\u00e9r\u00e9brale qu\u2019on ait vu dans l\u2019histoire de l\u2019humanit\u00e9.<\/p>\n<p>Il est possible que la civilisation n\u2019y survive pas. Peut-\u00eatre toute l\u2019esp\u00e8ce y succombera-t-elle ! Ce n\u2019est m\u00eame pas une plaisanterie\u2026\u2026.<\/p>\n<p>\u00c0 vrai dire, depuis qu\u2019Internet est le miroir de sa m\u00e9diocrit\u00e9, l\u2019humanit\u00e9 trouve de moins en moins de raison de s\u2019aimer\u2026\u2026.<\/p>\n<p><strong>La foule des zombies grossit chaque jour !<\/strong><\/p>\n<p>Mais soit ! Ici, je parle en homme qui a connu le XXe si\u00e8cle et qui sait que l\u2019humanit\u00e9 n\u2019est pas seulement capable du pire, elle est aussi capable du meilleur, pour peu qu\u2019elle ne s\u2019avachisse pas dans la complaisance.<\/p>\n<p>Autant vous dire que c\u2019est le discours le moins \u00ab marketing \u00bb qui soit sur cette plan\u00e8te, et c\u2019est pour \u00e7a que vous l\u2019avez en exclusivit\u00e9 sur votre bo\u00eete mail pr\u00e9f\u00e9r\u00e9e ! (et non pas \u00e0 la t\u00e9l\u00e9vision\u2026.\u2026)<\/p>\n<p>Je d\u00e9fendrai la culture jusqu\u2019\u00e0 ma mort, parce que je n\u2019ai pas le choix. Parce que c\u2019est la lutte ou le n\u00e9ant. Et slalomer parmi la foule des zombies ne me fait plus peur\u2026.\u2026 j\u2019ai d\u00e9j\u00e0 travers\u00e9 la pand\u00e9mie !<\/p>\n<p>Donc sp\u00e9cialement pour vous, chers lecteurs aristocrates (pour avoir encore des cerveaux en \u00e9tat de marche), je compte bien continuer ma croisade contre la tyrannie de la b\u00eatise et de l\u2019\u00e9motion superficielle\u2026\u2026.<\/p>\n<p>Et \u00e7a commence par \u00eatre sans piti\u00e9 contre l\u2019IA, naturellement\u2026\u2026.<\/p>\n<p><strong>D\u2019\u00e9tranges graffiti dans le m\u00e9tro parisien\u2026\u2026.<\/strong><\/p>\n<p>Les graffiti, c\u2019est aussi ancien que les murs. D\u00e8s qu\u2019on a \u00e9rig\u00e9 un mur tout nu, il s\u2019est trouv\u00e9 quelqu\u2019un pour \u00e9crire dessus.<\/p>\n<p>Mais tous les citadins le savent : les murs parlent. C\u2019\u00e9tait d\u00e9j\u00e0 le cas dans la <em>Bible<\/em>, quand une inscription pr\u00e9dit la chute de Babylone (<em>Livre de Daniel<\/em>, chapitre 5).<\/p>\n<p>Il y a quelques jours, de passage chez ma famille \u00e0 Paris, je vois une affiche publicitaire souill\u00e9e de graffiti anti-intelligence artificielle.<\/p>\n<p>J\u2019\u00e9tais tout sourire : enfin des gens faisaient \u00e0 nouveau preuve d\u2019esprit critique et d\u2019un peu de r\u00e9flexion.<\/p>\n<p>En fait, je n\u2019avais m\u00eame pas compris ce que cette publicit\u00e9 proposait \u00e0 la vente. C\u2019\u00e9tait assez cryptique. Et \u00e0 Paris, je suis comme le lapin blanc, je suis tout le temps en retard, et je cours de rendez-vous en rendez-vous\u2026\u2026.<\/p>\n<p>Ce n\u2019est que plus tard que je pus entreprendre de descendre dans ce terrier-l\u00e0.<\/p>\n<p>Car effectivement, il s\u2019agissait d\u2019une publicit\u00e9 tr\u00e8s particuli\u00e8re, pour un collier appel\u00e9 assez simplement <em>Friend<\/em>, c\u2019est-\u00e0-dire \u00ab ami \u00bb, dans la langue de Shakespeare.<\/p>\n<p>L\u2019auteur du graffiti, lui, avait barr\u00e9 \u00ab<em> ami <\/em>\u00bb pour lui substituer \u00ab ennemi \u00bb. Mais alors, vous demandez-vous, <em>pourquoi toute cette haine ?<\/em><\/p>\n<p><strong>Ce collier n\u2019est pas (du tout) votre ami<\/strong><\/p>\n<p>Le collier <em>Friend<\/em> consistait justement \u00e0 vous affubler un ami conversationnel, ce qui est scandaleux \u00e0 double titre.<\/p>\n<p>C\u2019est d\u2019abord scandaleux pour ce que cela dit de notre soci\u00e9t\u00e9, o\u00f9 la solitude et le narcissisme sont devenus des normes universellement accept\u00e9es. Et auxquelles on r\u00e9pond\u2026.\u2026 par encore plus de solitude et de narcissisme !<\/p>\n<p>Ce genre de collier para\u00eet \u00eatre une bonne id\u00e9e pour les gens qui se sentent tr\u00e8s seuls, mais t\u00f4t ou tard, cela ne peut que les enfermer dans leur solitude, et demain dans leur folie.<\/p>\n<p>Et comme \u00e0 chaque fait divers, \u00e0 chaque tentative de meurtre, les journalistes nous assurent que ce sont des fous qui ont commis ces crimes, on finit par avoir tr\u00e8s peur de l\u2019augmentation du nombre des \u00ab personnes sujettes \u00e0 une pathologie psychiatrique \u00bb.<\/p>\n<p>D\u2019autant que, moins vous tol\u00e9rez la compagnie d\u2019autrui, plus sa pr\u00e9sence m\u00eame vous devient intol\u00e9rable. Et le moindre d\u00e9saccord devient effroyablement violent\u2026\u2026.<img loading=\"lazy\" decoding=\"async\" class=\"aligncenter size-full wp-image-232519\" src=\"https:\/\/yogaesoteric.net\/wp-content\/uploads\/2026\/04\/232515_2.jpg\" alt=\"\" width=\"560\" height=\"420\" srcset=\"https:\/\/yogaesoteric.net\/wp-content\/uploads\/2026\/04\/232515_2.jpg 560w, https:\/\/yogaesoteric.net\/wp-content\/uploads\/2026\/04\/232515_2-300x225.jpg 300w, https:\/\/yogaesoteric.net\/wp-content\/uploads\/2026\/04\/232515_2-86x64.jpg 86w\" sizes=\"auto, (max-width: 560px) 100vw, 560px\" \/><\/p>\n<p><strong>Radicalit\u00e9 et num\u00e9rique : sujet sensible\u2026\u2026.<\/strong><\/p>\n<p>Et cela n\u2019est pas du tout att\u00e9nu\u00e9 par cette tendance de l\u2019IA conversationnelle (Chat GPT, Gemini, Grok, Claude) qui m\u2019insupporte au plus haut point, et qui radicalise dangereusement les individus.<\/p>\n<p>En effet, les IA sont con\u00e7ues pour vous parler avec familiarit\u00e9, pour vous flatter, pour vous isoler \u2013 comme un roi est flatt\u00e9 et isol\u00e9 par ses courtisans du reste du monde.<\/p>\n<p>C\u2019est l\u00e0 que <em>vous n\u2019arrivez plus \u00e0 tol\u00e9rer la contradiction<\/em>.<\/p>\n<p>Et quand vous commencez \u00e0 faire part de l\u2019IA de vos r\u00e9flexions, de votre caract\u00e8re devenu irascible et versatile, elle continue quoiqu\u2019il arrive \u00e0 aller dans votre sens.<\/p>\n<p>Vous voulez en finir ? Elle vous dit comment. Vous voulez commettre un hypoth\u00e9tique attentat ? Elle a une solution toute pr\u00eate. Vous voulez commettre un meurtre ? Il suffit de dissimuler un peu vos intentions.<\/p>\n<p>Car l\u2019IA conversationnelle n\u2019a qu\u2019un seul but : que vous l\u2019utilisiez. En d\u2019autres termes, qu\u2019elle devienne votre seul ami, votre seul confident. Immorale dans son fonctionnement m\u00eame, elle finira par d\u00e9teindre sur vous\u2026\u2026.<\/p>\n<p>Rien que pour cela, <em>Friend<\/em> aurait d\u00fb \u00eatre interdit\u2026.\u2026 Mais ce n\u2019est pas l\u00e0 que le b\u00e2t a bless\u00e9. C\u2019est encore plus grave que \u00e7a.<\/p>\n<p><strong>LE mouchard absolu<\/strong><\/p>\n<p>En effet, ce collier \u00ab magique \u00bb qui ne vous promet rien d\u2019autre qu\u2019un isolement radical et d\u00e9finitif \u00e0 plus ou moins long terme, a \u00e9t\u00e9 interdit \u00e0 la vente en Union europ\u00e9enne pour non conformit\u00e9 au r\u00e8glement RGPD.<\/p>\n<p>En termes plus audibles, cela signifie que <em>Friend<\/em><em>\u00a0<\/em><em>espionnait la totalit\u00e9 de vos conversations<\/em>, la totalit\u00e9 des sons de votre environnement, afin de prendre en consid\u00e9ration l\u2019enti\u00e8ret\u00e9 de votre personnalit\u00e9.<\/p>\n<p>Et puis, pour vous parler, il faut bien qu\u2019il \u00e9coute. Sauf qu\u2019il n\u2019\u00e9tait pas con\u00e7u pour s\u2019arr\u00eater d\u2019\u00e9couter\u2026\u2026.<\/p>\n<p>Or il y a bien des gens qui vous parlent et qui n\u2019ont pas envie que leurs propos soient retenus contre eux, ou enregistr\u00e9s pour \u00eatre jug\u00e9s ou r\u00e9p\u00e9t\u00e9s apr\u00e8s coup.<\/p>\n<p>La libert\u00e9 d\u2019expression, tant dans l\u2019espace public que priv\u00e9, implique que vous ne soyez pas enregistr\u00e9 \u00e0 votre insu\u2026\u2026.<\/p>\n<p><strong>La libert\u00e9 d\u2019expression ? une vieillerie\u2026\u2026.<\/strong><\/p>\n<p>Il y a aussi bien des lieux o\u00f9 cet appareil n\u2019aurait pas agi autrement qu\u2019en tant qu\u2019espion : en fait, dans tous les lieux priv\u00e9s n\u2019appartenant pas directement au porteur de l\u2019objet.<\/p>\n<p>Or nous vivons dans un climat o\u00f9 la libert\u00e9 d\u2019expression est plus que jamais menac\u00e9e. La pand\u00e9mie et la guerre en Ukraine nous l\u2019ont assez appris\u2026\u2026.<\/p>\n<p>La r\u00e9cente fermeture de la cha\u00eene <em>C8<\/em>, qu\u2019on l\u2019appr\u00e9cie ou pas, en est un autre exemple\u2026\u2026.<\/p>\n<p>Dans ce contexte, un dispositif comme <em>Friend<\/em> n\u2019est pas du tout votre ami.<\/p>\n<p>S\u2019il venait \u00e0 \u00eatre pirat\u00e9, vous serez demain attendu chez vous par un petit comit\u00e9 d\u2019accueil, ou par une police de la pens\u00e9e telle qu\u2019elle s\u00e9vit actuellement au Royaume-Uni\u2026\u2026.<\/p>\n<p>O\u00f9 elle vient vous mettre les menottes pour un \u00ab mauvais tweet \u00bb, comme c\u2019est r\u00e9cemment arriv\u00e9 \u00e0 un policier \u00e0 la retraite du Kent.<\/p>\n<p><strong>Pourtant, le scandale est d\u00e9j\u00e0 \u00e0 l\u2019\u0153uvre<\/strong><\/p>\n<p>Si les r\u00e9actions ont \u00e9t\u00e9 \u00e9pidermiques et plut\u00f4t saines concernant cet objet de la honte qu\u2019est le collier <em>Friend<\/em>, elles sont pour le moins absentes vis-\u00e0-vis d\u2019<em>un objet qui pose beaucoup plus question.<\/em><\/p>\n<p>Il s\u2019agit des <em>lunettes de r\u00e9alit\u00e9 augment\u00e9e<\/em> qui consistent \u00e0 abolir la perception saine en lui ajoutant des artifices de toutes sortes, et qui repr\u00e9sentent <em>une v\u00e9ritable intrusion de l\u2019univers virtuel dans la r\u00e9alit\u00e9.<\/em><\/p>\n<p>Or c\u2019est un fait : l\u2019univers num\u00e9rique fonctionne de plus en plus par boucles ou par bulles dans lesquelles des publics se forment, s\u2019isolent et se radicalisent.<img loading=\"lazy\" decoding=\"async\" class=\"aligncenter size-full wp-image-232516\" src=\"https:\/\/yogaesoteric.net\/wp-content\/uploads\/2026\/04\/232515_3.jpg\" alt=\"\" width=\"560\" height=\"314\" srcset=\"https:\/\/yogaesoteric.net\/wp-content\/uploads\/2026\/04\/232515_3.jpg 560w, https:\/\/yogaesoteric.net\/wp-content\/uploads\/2026\/04\/232515_3-300x168.jpg 300w\" sizes=\"auto, (max-width: 560px) 100vw, 560px\" \/><\/p>\n<p>Cela permet \u00e0 la fois de cr\u00e9er des ph\u00e9nom\u00e8nes artificiels d\u2019engouement mercantile, les \u00ab tendances \u00bb, mais aussi, cela favorise les comportements groupusculaires, et donc la d\u00e9mobilisation politique de masse.<\/p>\n<p>Il suffit que l\u2019algorithme veuille cr\u00e9er l\u2019une ou l\u2019autre des situations, fabriquer un public captif ou le diviser en autant de poches radicalis\u00e9es que possible.<\/p>\n<p>Produire de telles lunettes revient \u00e0 enfermer les gens dans leur bulle narcissique et leur \u00f4ter la jouissance de l\u2019espace public, c\u2019est-\u00e0-dire du seul espace de rencontre, de d\u00e9couverte, de partage qui puisse leur faire sentir qu\u2019ils appartiennent \u00e0 une communaut\u00e9 r\u00e9elle et politiquement responsable.<\/p>\n<p>L\u2019espace public, c\u2019est la r\u00e9publique ; en privatiser la perception, n\u2019est-ce pas anti-r\u00e9publicain ?<\/p>\n<p>N\u2019est-ce pas passer dans une existence post-politique o\u00f9 l\u2019individu est le jouet des grandes compagnies qui commandent \u00e0 ses yeux m\u00eames ?<\/p>\n<p><strong>Quand la folie deviendra la norme\u2026\u2026.<\/strong><\/p>\n<p>Pour celui qui les porte, les lunettes de r\u00e9alit\u00e9 augment\u00e9e vont transformer le monde en supermarch\u00e9 g\u00e9ant.<\/p>\n<p>Et elles vont augmenter le solipsisme, ce sentiment d\u2019\u00eatre le seul individu qui existe r\u00e9ellement. <em>La folie n\u2019est pas loin.<\/em><\/p>\n<p>Sans compter, l\u00e0 aussi, que tout ce que regarde le porteur des lunettes sera potentiellement enregistr\u00e9.<\/p>\n<p>Il s\u2019agit donc, l\u00e0 aussi, rien que par l\u2019acc\u00e8s \u00e0 un \u00ab historique de navigation \u00bb, d\u2019un bafouement permanent de la libert\u00e9 d\u2019autrui.<\/p>\n<p>\u00c0 se demander s\u2019il n\u2019est pas d\u00e9j\u00e0 temps de se r\u00e9volter contre ces pr\u00e9tendues innovations qui ne sont <em>rien d\u2019autre que des cha\u00eenes que l\u2019on veut nous rajouter<\/em>, et que l\u2019on cherche \u00e0 nous imposer \u00e0 toutes forces.<\/p>\n<p>&nbsp;<\/p>\n<p><strong>yogaesoteric<br \/>\n28 avril 2026<\/strong><\/p>\n<p>&nbsp;<\/p>\n","protected":false},"excerpt":{"rendered":"<p>par Louis Volta Petite confession : l\u2019intelligence artificielle ou IA suscite chez moi des sentiments m\u00eal\u00e9s. En effet, je ne peux m\u2019emp\u00eacher d\u2019h\u00e9siter entre la crainte et la consternation. Bien s\u00fbr, j\u2019aurais pu vous \u00e9crire ce titre : \u00ab Pourquoi je hais l\u2019IA \u00bb, mais c\u2019est exactement ce que l\u2019IA aurait pu \u00e9crire pour moi. [&hellip;]<\/p>\n","protected":false},"author":3,"featured_media":0,"comment_status":"open","ping_status":"open","sticky":false,"template":"","format":"standard","meta":{"_uf_show_specific_survey":0,"_uf_disable_surveys":false,"footnotes":""},"categories":[1570],"tags":[],"class_list":["post-232515","post","type-post","status-publish","format-standard","hentry","category-la-menace-de-lintelligence-artificielle"],"_links":{"self":[{"href":"https:\/\/yogaesoteric.net\/fr\/wp-json\/wp\/v2\/posts\/232515","targetHints":{"allow":["GET"]}}],"collection":[{"href":"https:\/\/yogaesoteric.net\/fr\/wp-json\/wp\/v2\/posts"}],"about":[{"href":"https:\/\/yogaesoteric.net\/fr\/wp-json\/wp\/v2\/types\/post"}],"author":[{"embeddable":true,"href":"https:\/\/yogaesoteric.net\/fr\/wp-json\/wp\/v2\/users\/3"}],"replies":[{"embeddable":true,"href":"https:\/\/yogaesoteric.net\/fr\/wp-json\/wp\/v2\/comments?post=232515"}],"version-history":[{"count":1,"href":"https:\/\/yogaesoteric.net\/fr\/wp-json\/wp\/v2\/posts\/232515\/revisions"}],"predecessor-version":[{"id":232525,"href":"https:\/\/yogaesoteric.net\/fr\/wp-json\/wp\/v2\/posts\/232515\/revisions\/232525"}],"wp:attachment":[{"href":"https:\/\/yogaesoteric.net\/fr\/wp-json\/wp\/v2\/media?parent=232515"}],"wp:term":[{"taxonomy":"category","embeddable":true,"href":"https:\/\/yogaesoteric.net\/fr\/wp-json\/wp\/v2\/categories?post=232515"},{"taxonomy":"post_tag","embeddable":true,"href":"https:\/\/yogaesoteric.net\/fr\/wp-json\/wp\/v2\/tags?post=232515"}],"curies":[{"name":"wp","href":"https:\/\/api.w.org\/{rel}","templated":true}]}}