{"id":242242,"date":"2026-09-05T18:28:18","date_gmt":"2026-09-05T18:28:18","guid":{"rendered":"https:\/\/yogaesoteric.net\/?p=242242"},"modified":"2026-09-05T18:28:18","modified_gmt":"2026-09-05T18:28:18","slug":"revers-majeur-dans-la-procedure-judiciaire-contre-le-cerveau-presume-des-attentats-du-11-septembre","status":"publish","type":"post","link":"https:\/\/yogaesoteric.net\/fr\/revers-majeur-dans-la-procedure-judiciaire-contre-le-cerveau-presume-des-attentats-du-11-septembre\/","title":{"rendered":"Revers majeur dans la proc\u00e9dure judiciaire contre le cerveau pr\u00e9sum\u00e9 des attentats du 11 septembre"},"content":{"rendered":"<p>Un juge militaire a statu\u00e9 que les aveux que Khalid Cheikh Mohammed, cerveau pr\u00e9sum\u00e9 des attentats du 11 septembre, aurait faits aux agents du FBI ne peuvent \u00eatre utilis\u00e9s contre lui lors de son proc\u00e8s, infligeant ainsi un revers majeur au dossier d\u2019accusation passible de la peine de mort \u00e9tabli par le gouvernement contre les auteurs de ces attentats.<\/p>\n<p><img loading=\"lazy\" decoding=\"async\" class=\"aligncenter wp-image-242243\" src=\"https:\/\/yogaesoteric.net\/wp-content\/uploads\/2026\/09\/1-7-300x175.png\" alt=\"\" width=\"560\" height=\"326\" srcset=\"https:\/\/yogaesoteric.net\/wp-content\/uploads\/2026\/09\/1-7-300x175.png 300w, https:\/\/yogaesoteric.net\/wp-content\/uploads\/2026\/09\/1-7.png 740w\" sizes=\"auto, (max-width: 560px) 100vw, 560px\" \/><\/p>\n<p>Le <em>New York Times<\/em> <a href=\"https:\/\/www.nytimes.com\/2026\/08\/28\/us\/politics\/september11-confession-trial.html?unlocked_article_code=1.81A.pPii.n5-1SZivcD2u&amp;smid=url-share\">a rapport\u00e9<\/a> que la d\u00e9cision rendue vendredi intervient juste avant le 25e anniversaire des attentats et pourrait retarder davantage un proc\u00e8s que les procureurs ont d\u00e9j\u00e0 programm\u00e9 pour le 5 juin 2028, s\u2019ils choisissent de faire appel.<\/p>\n<p>Les procureurs avaient pr\u00e9sent\u00e9 les interrogatoires de Mohammed en 2007 \u00e0 Guant\u00e1namo comme la preuve la plus cruciale dans le dossier du gouvernement dans cette affaire qui dure depuis longtemps.<\/p>\n<p>Celui qui est accus\u00e9 d\u2019avoir orchestr\u00e9 les d\u00e9tournements d\u2019avions qui ont co\u00fbt\u00e9 la vie \u00e0 pr\u00e8s de 3000 personnes a \u00e9t\u00e9 soumis \u00e0 des interrogatoires brutaux par la CIA dans des prisons secr\u00e8tes \u00e0 l\u2019\u00e9tranger apr\u00e8s sa capture en 2003 et d\u00e9tenu au secret jusqu\u2019\u00e0 son transfert \u00e0 <a href=\"https:\/\/www.rawstory.com\/pentagon-repatriates-guantanamo-detainee-held-without-charge-for-over-two-decades\/\">Guant\u00e1namo<\/a> en 2006.<\/p>\n<p>Les procureurs avaient d\u00e9j\u00e0 \u00e9cart\u00e9 les d\u00e9clarations issues de ces interrogatoires ant\u00e9rieurs, mais le juge en charge du proc\u00e8s, le lieutenant-colonel Michael Schrama, est all\u00e9 plus loin, statuant que les interrogatoires ult\u00e9rieurs de Mohammed par le FBI en 2007 \u00e9taient \u00e9galement irrecevables, \u00e9crivant que <em>\u00ab l\u2019accusation n\u2019a pas r\u00e9ussi \u00e0 prouver par une pr\u00e9pond\u00e9rance de preuves que les d\u00e9clarations de M. Mohammad au FBI ont \u00e9t\u00e9 faites volontairement \u00bb<\/em>, selon le <em>Times<\/em>, qui citait des avocats ayant examin\u00e9 les 45 pages de la d\u00e9cision.<\/p>\n<figure id=\"attachment_242246\" aria-describedby=\"caption-attachment-242246\" style=\"width: 560px\" class=\"wp-caption aligncenter\"><img loading=\"lazy\" decoding=\"async\" class=\"wp-image-242246\" src=\"https:\/\/yogaesoteric.net\/wp-content\/uploads\/2026\/09\/2-300x200.jpeg\" alt=\"\" width=\"560\" height=\"373\" srcset=\"https:\/\/yogaesoteric.net\/wp-content\/uploads\/2026\/09\/2-300x200.jpeg 300w, https:\/\/yogaesoteric.net\/wp-content\/uploads\/2026\/09\/2.jpeg 750w\" sizes=\"auto, (max-width: 560px) 100vw, 560px\" \/><figcaption id=\"caption-attachment-242246\" class=\"wp-caption-text\">Le juge Michael Schrama<\/figcaption><\/figure>\n<p>Schrama a \u00e9voqu\u00e9 une <em>\u00ab continuit\u00e9 ininterrompue \u00bb<\/em> du conditionnement psychologique et de la coercition exerc\u00e9s par la CIA au moment de l\u2019interrogatoire de 2007, et a constat\u00e9 que les agents du FBI avaient intentionnellement omis d\u2019informer explicitement Mohammed de son droit de garder le silence et de consulter un avocat.<\/p>\n<p>Cette d\u00e9cision est le dernier d\u2019une s\u00e9rie de revers li\u00e9s aux all\u00e9gations de torture dans cette affaire.<\/p>\n<p>Schrama ne s\u2019est pas encore prononc\u00e9 sur les aveux de deux coaccus\u00e9s, Walid bin Attash et Mustafa al-Hawsawi.<\/p>\n<p>Un pr\u00e9c\u00e9dent juge avait rejet\u00e9 les aveux du neveu de Mohammed, Ammar al-Baluchi, et un autre juge avait \u00e9cart\u00e9 les aveux d\u2019Abd al-Rahim al-Nashiri dans l\u2019affaire distincte de l\u2019attentat contre l\u2019USS Cole apr\u00e8s avoir constat\u00e9 qu\u2019il avait \u00e9t\u00e9 tortur\u00e9 ; ce proc\u00e8s est pr\u00e9vu en octobre.<\/p>\n<p>L\u2019affaire du 11 septembre est rest\u00e9e en phase pr\u00e9liminaire depuis la mise en accusation de Mohammed en 2012, les survivants et les familles des victimes exprimant leur crainte de ne jamais la voir r\u00e9solue.<\/p>\n<p>&nbsp;<\/p>\n<p><strong>yogaesoteric<br \/>\n5 septembre 2026<\/strong><\/p>\n<p>&nbsp;<\/p>\n","protected":false},"excerpt":{"rendered":"<p>Un juge militaire a statu\u00e9 que les aveux que Khalid Cheikh Mohammed, cerveau pr\u00e9sum\u00e9 des attentats du 11 septembre, aurait faits aux agents du FBI ne peuvent \u00eatre utilis\u00e9s contre lui lors de son proc\u00e8s, infligeant ainsi un revers majeur au dossier d\u2019accusation passible de la peine de mort \u00e9tabli par le gouvernement contre les [&hellip;]<\/p>\n","protected":false},"author":5,"featured_media":0,"comment_status":"open","ping_status":"open","sticky":false,"template":"","format":"standard","meta":{"_uf_show_specific_survey":0,"_uf_disable_surveys":false,"footnotes":""},"categories":[386],"tags":[],"class_list":["post-242242","post","type-post","status-publish","format-standard","hentry","category-nouvelles-1602-fr"],"_links":{"self":[{"href":"https:\/\/yogaesoteric.net\/fr\/wp-json\/wp\/v2\/posts\/242242","targetHints":{"allow":["GET"]}}],"collection":[{"href":"https:\/\/yogaesoteric.net\/fr\/wp-json\/wp\/v2\/posts"}],"about":[{"href":"https:\/\/yogaesoteric.net\/fr\/wp-json\/wp\/v2\/types\/post"}],"author":[{"embeddable":true,"href":"https:\/\/yogaesoteric.net\/fr\/wp-json\/wp\/v2\/users\/5"}],"replies":[{"embeddable":true,"href":"https:\/\/yogaesoteric.net\/fr\/wp-json\/wp\/v2\/comments?post=242242"}],"version-history":[{"count":1,"href":"https:\/\/yogaesoteric.net\/fr\/wp-json\/wp\/v2\/posts\/242242\/revisions"}],"predecessor-version":[{"id":242249,"href":"https:\/\/yogaesoteric.net\/fr\/wp-json\/wp\/v2\/posts\/242242\/revisions\/242249"}],"wp:attachment":[{"href":"https:\/\/yogaesoteric.net\/fr\/wp-json\/wp\/v2\/media?parent=242242"}],"wp:term":[{"taxonomy":"category","embeddable":true,"href":"https:\/\/yogaesoteric.net\/fr\/wp-json\/wp\/v2\/categories?post=242242"},{"taxonomy":"post_tag","embeddable":true,"href":"https:\/\/yogaesoteric.net\/fr\/wp-json\/wp\/v2\/tags?post=242242"}],"curies":[{"name":"wp","href":"https:\/\/api.w.org\/{rel}","templated":true}]}}