{"id":26274,"date":"2020-04-02T18:58:45","date_gmt":"2020-04-02T18:58:45","guid":{"rendered":"http:\/\/dev.yogaesoteric.net\/sante-fr\/therapies-4260-fr\/dossier-du-dr-rueff-generaliste-competent-en-cancerologie-sur-les-bienfaits-de-la-vitamine-c-sur-la-sante\/"},"modified":"2020-04-02T18:58:45","modified_gmt":"2020-04-02T18:58:45","slug":"dossier-du-dr-rueff-generaliste-competent-en-cancerologie-sur-les-bienfaits-de-la-vitamine-c-sur-la-sante","status":"publish","type":"post","link":"https:\/\/yogaesoteric.net\/fr\/dossier-du-dr-rueff-generaliste-competent-en-cancerologie-sur-les-bienfaits-de-la-vitamine-c-sur-la-sante\/","title":{"rendered":"Dossier du Dr Rueff, g\u00e9n\u00e9raliste comp\u00e9tent en canc\u00e9rologie, sur les bienfaits de la vitamine C sur la sant\u00e9"},"content":{"rendered":"<p align=\"justify\">&#160;<\/p>\n<p align=\"center\">\n    <img decoding=\"async\" alt=\"\" src=\"\/all_uploads\/uploads5\/aprilie 2020\/2\/22923_1.jpg\" \/>\n  <\/p>\n<p align=\"justify\">Nous conseillons &#224; tous de lire&#160;<a style=\"color: \" href=\"http:\/\/ekladata.com\/FYizz-Ox0UyCfV_bZXhiUu3xyfo\/Vitamine_C_PDF.pdf\" target=\"_blank\" rel=\"noopener\">ce dossier sur la vitamine C<\/a>&#160;du docteur Dominique RUEFF, g&#233;n&#233;raliste comp&#233;tent en canc&#233;rologie. Il &#233;voque tout l&#8217;int&#233;r&#234;t de cette vitamine pour l&#8217;optimisation de la sant&#233; en g&#233;n&#233;rale mais aussi la gestion des maladies virales. <\/p>\n<p align=\"justify\">C&#8217;est un dossier qui n&#8217;est pas tr&#232;s technique (accessible &#224; tout le monde), qui se lit bien et qui donne des informations claires en allant &#224; l&#8217;essentiel. <\/p>\n<p align=\"justify\">Le prix Nobel de chimie Linus Pauling, pionnier en la mati&#232;re il y a des d&#233;cennies de cela, prenait 3 grammes de vitamine C par jour et il est mort &#224; l&#8217;&#226;ge de 93 ans.<\/p>\n<p align=\"justify\">&#160;<\/p>\n<p align=\"justify\">\n    <strong>yogaesoteric<br \/>2 avril 2020<\/strong>\n  <\/p>\n<p align=\"justify\">&#160;<\/p>\n","protected":false},"excerpt":{"rendered":"<p>&#160; Nous conseillons &#224; tous de lire&#160;ce dossier sur la vitamine C&#160;du docteur Dominique RUEFF, g&#233;n&#233;raliste comp&#233;tent en canc&#233;rologie. Il &#233;voque tout l&#8217;int&#233;r&#234;t de cette vitamine pour l&#8217;optimisation de la sant&#233; en g&#233;n&#233;rale mais aussi la gestion des maladies virales. C&#8217;est un dossier qui n&#8217;est pas tr&#232;s technique (accessible &#224; tout le monde), qui se [&hellip;]<\/p>\n","protected":false},"author":1,"featured_media":0,"comment_status":"open","ping_status":"open","sticky":false,"template":"","format":"standard","meta":{"_uf_show_specific_survey":0,"_uf_disable_surveys":false,"footnotes":""},"categories":[1323],"tags":[],"class_list":["post-26274","post","type-post","status-publish","format-standard","hentry","category-therapies-4260-fr"],"_links":{"self":[{"href":"https:\/\/yogaesoteric.net\/fr\/wp-json\/wp\/v2\/posts\/26274","targetHints":{"allow":["GET"]}}],"collection":[{"href":"https:\/\/yogaesoteric.net\/fr\/wp-json\/wp\/v2\/posts"}],"about":[{"href":"https:\/\/yogaesoteric.net\/fr\/wp-json\/wp\/v2\/types\/post"}],"author":[{"embeddable":true,"href":"https:\/\/yogaesoteric.net\/fr\/wp-json\/wp\/v2\/users\/1"}],"replies":[{"embeddable":true,"href":"https:\/\/yogaesoteric.net\/fr\/wp-json\/wp\/v2\/comments?post=26274"}],"version-history":[{"count":0,"href":"https:\/\/yogaesoteric.net\/fr\/wp-json\/wp\/v2\/posts\/26274\/revisions"}],"wp:attachment":[{"href":"https:\/\/yogaesoteric.net\/fr\/wp-json\/wp\/v2\/media?parent=26274"}],"wp:term":[{"taxonomy":"category","embeddable":true,"href":"https:\/\/yogaesoteric.net\/fr\/wp-json\/wp\/v2\/categories?post=26274"},{"taxonomy":"post_tag","embeddable":true,"href":"https:\/\/yogaesoteric.net\/fr\/wp-json\/wp\/v2\/tags?post=26274"}],"curies":[{"name":"wp","href":"https:\/\/api.w.org\/{rel}","templated":true}]}}