{"id":37052,"date":"2021-04-09T13:11:09","date_gmt":"2021-04-09T13:11:09","guid":{"rendered":"https:\/\/yogaesoteric.net\/?p=37052"},"modified":"2021-04-09T13:11:09","modified_gmt":"2021-04-09T13:11:09","slug":"loms-admet-que-les-tests-pcr-a-seuil-de-cycle-eleve-produisent-des-faux-positifs-pour-le-covid-19","status":"publish","type":"post","link":"https:\/\/yogaesoteric.net\/fr\/loms-admet-que-les-tests-pcr-a-seuil-de-cycle-eleve-produisent-des-faux-positifs-pour-le-covid-19\/","title":{"rendered":"L&#8217;OMS admet que les tests PCR \u00e0 seuil de cycle \u00e9lev\u00e9 produisent des faux positifs pour le Covid-19"},"content":{"rendered":"<p>&nbsp;<\/p>\n<p>Les \u00ab complotistes \u00bb ont-ils eu raison du \u00ab faux plan de sauvetage \u00bb du COVID ?<\/p>\n<p><img loading=\"lazy\" decoding=\"async\" class=\"aligncenter size-full wp-image-37061\" src=\"https:\/\/yogaesoteric.net\/wp-content\/uploads\/2021\/04\/37052_1-e1617973806988.jpg\" alt=\"\" width=\"500\" height=\"250\" \/>Les \u00ab scientifiques \u00bb viennent-ils d&#8217;obtenir la confirmation que ce plan \u00e9tait finalement\u00a0politique\u00a0?<\/p>\n<p>La r\u00e9ponse courte \u00e0 ces deux questions est OUI et OUI !<\/p>\n<p>Au cours de ces derniers mois, ont d\u00e9crit en d\u00e9tail la controverse entourant le COVID \u00ab cas\u00e9d\u00e9mique \u00bb am\u00e9ricain et les r\u00e9sultats trompeurs du test PCR.<\/p>\n<p>Les \u00ab seuils de cycle \u00bb (Ct) sont le niveau auquel le test d&#8217;amplification en cha\u00eene par polym\u00e9rase (PCR), largement utilis\u00e9, peut d\u00e9tecter un \u00e9chantillon du virus COVID-19. Plus le nombre de cycles est \u00e9lev\u00e9, plus la charge virale de l&#8217;\u00e9chantillon est faible ; plus les cycles sont faibles, plus le virus \u00e9tait r\u00e9pandu dans l&#8217;\u00e9chantillon initial.<\/p>\n<p>De nombreux experts en \u00e9pid\u00e9miologie ont fait valoir que les seuils de cycle sont une mesure importante qui permet aux patients, au public et aux politiciens de prendre des d\u00e9cisions plus \u00e9clair\u00e9es sur le degr\u00e9 d&#8217;infection et\/ou de maladie d&#8217;un individu dont le test COVID-19 est positif. Cependant, comme le rapporte <a href=\"https:\/\/justthenews.com\/politics-policy\/coronavirus\/florida-requiring-labs-report-critical-cycle-threshold-covid-19-tests\" target=\"_blank\" rel=\"noopener\"><em>JustTheNews<\/em><\/a>, les services de sant\u00e9 de tout le pays ne parviennent pas \u00e0 collecter ces donn\u00e9es.<\/p>\n<p>En fait, d\u00e8s le mois d&#8217;octobre, ont attir\u00e9 l&#8217;attention du monde entier sur la \u00ab pand\u00e9mie \u00bb du COVID-19 et sur la r\u00e9alit\u00e9 inqui\u00e9tante des tests PCR \u00e0 seuil de cycle \u00e9lev\u00e9 qui sont pires qu&#8217;inutiles comme indicateurs de la \u00ab maladie \u00bb COVID-19. Stacey Lennox, de <em>PJMedia<\/em>, <a href=\"https:\/\/pjmedia.com\/columns\/stacey-lennox\/2020\/10\/27\/prediction-joe-biden-would-manage-covid-19-in-one-of-two-ways-both-should-infuriate-you-n1092407\" target=\"_blank\" rel=\"noopener\">a d\u00e9clar\u00e9<\/a> \u00e0 l&#8217;\u00e9poque\u00a0:<\/p>\n<p>\u00ab <em>Biden va publier des normes nationales, comme les barri\u00e8res en plexiglas dans les restaurants dont il a parl\u00e9 au cours du d\u00e9bat, et faire pression sur les gouverneurs pour qu&#8217;ils mettent en place des mandats de masques en utilisant le levier financier du gouvernement f\u00e9d\u00e9ral \u2026<\/em><\/p>\n<p><em>Certains des CDC ou de la FDA vont publier de nouvelles directives abaissant le taux de carbone utilis\u00e9 par les laboratoires, et les cas positifs commenceront \u00e0 baisser comme par magie.<\/em><\/p>\n<p><em>En r\u00e9alit\u00e9, le changement ne fera qu&#8217;\u00e9liminer les faux positifs, mais la plupart des Am\u00e9ricains ne le sauront pas.<\/em><\/p>\n<p><em>Le bon vieil oncle Joe sera le h\u00e9ros, m\u00eame si ce sont les acteurs des bureaucraties de la sant\u00e9 qui ne r\u00e9soudront pas un probl\u00e8me de tests dont ils ont connaissance depuis des mois.<\/em>\u00a0\u00bb<\/p>\n<p>Et maintenant, <a href=\"https:\/\/pjmedia.com\/columns\/stacey-lennox\/2021\/01\/20\/the-who-finally-updates-its-covid-19-testing-policy-1-hour-after-bidens-inauguration-n1398857\" target=\"_blank\" rel=\"noopener\">comme Lennox l&#8217;explique<\/a>, nous avons eu raison \u00e0 100% car moins d&#8217;une heure apr\u00e8s l&#8217;inauguration du pr\u00e9sident Biden, l&#8217;OMS nous a donn\u00e9 raison.<\/p>\n<p>En ao\u00fbt de l&#8217;ann\u00e9e derni\u00e8re, le\u00a0<em>New York Times<\/em> <a href=\"https:\/\/www.nytimes.com\/2020\/08\/29\/health\/coronavirus-testing.html\" target=\"_blank\" rel=\"noopener\">a publi\u00e9 un article<\/a> indiquant que jusqu&#8217;\u00e0 90% des tests COVID-19 dans trois \u00c9tats n&#8217;indiquaient pas de maladie active. En d&#8217;autres termes, ils captaient des d\u00e9bris viraux incapables de provoquer une infection ou d&#8217;\u00eatre transmis parce que le seuil de cycle (Ct) du test PCR amplifiait trop souvent l&#8217;\u00e9chantillon.<\/p>\n<p><img loading=\"lazy\" decoding=\"async\" class=\"aligncenter size-full wp-image-37058\" src=\"https:\/\/yogaesoteric.net\/wp-content\/uploads\/2021\/04\/37052_2-e1617973771654.jpg\" alt=\"\" width=\"500\" height=\"333\" \/>Les laboratoires des \u00c9tats-Unis utilisaient un Ct de 37-40. Les \u00e9pid\u00e9miologistes interrog\u00e9s \u00e0 l&#8217;\u00e9poque ont d\u00e9clar\u00e9 qu&#8217;un Ct d&#8217;environ 30 \u00e9tait probablement plus appropri\u00e9. Cela signifie que les normes du test COVID-19 des CDC pour le test PCR d\u00e9tecteraient un nombre excessif de faux positifs. Le rapport du Times a not\u00e9 que les propres donn\u00e9es des CDC sugg\u00e9raient que le PCR ne d\u00e9tectait pas le virus vivant au-del\u00e0 d&#8217;un Ct de 33. Le journaliste a \u00e9galement not\u00e9 que les cliniciens ne recevaient pas la valeur du Ct dans le cadre des r\u00e9sultats du test.<\/p>\n<p>Pourtant, <a href=\"https:\/\/www.fda.gov\/media\/134922\/download\" target=\"_blank\" rel=\"noopener\">un document d&#8217;instruction du CDC<\/a> sur le test PCR, qui avait \u00e9t\u00e9 r\u00e9vis\u00e9 cinq fois en date du 13 juillet 2020, sp\u00e9cifiait le test et l&#8217;interpr\u00e9tation du test en utilisant un Ct de 40. Le 28 septembre 2020, <a href=\"https:\/\/academic.oup.com\/cid\/advance-article\/doi\/10.1093\/cid\/ciaa1491\/5912603\" target=\"_blank\" rel=\"noopener\">une \u00e9tude publi\u00e9e<\/a> dans la revue <em>Clinical Infectious Diseases<\/em> de Jaafar et al. avait affirm\u00e9, sur la base de laboratoires de patients et de donn\u00e9es cliniques concernant pr\u00e8s de 4.000 patients, qu&#8217;un Ct de 30 \u00e9tait appropri\u00e9 pour l&#8217;\u00e9laboration de politiques publiques. Une mise \u00e0 jour des instructions des CDC pour les tests PCR \u00e0 partir du 1er d\u00e9cembre 2020 utilise toujours un Ct de 40.<\/p>\n<p>Peu avant la publication de l&#8217;article du <em>New York Times<\/em>, les CDC ont r\u00e9vis\u00e9 ses recommandations concernant le test COVID-19, en d\u00e9clarant que seuls les patients symptomatiques devraient \u00eatre test\u00e9s. Les m\u00e9dias sont devenus fous, et le Dr Fauci est pass\u00e9 partout \u00e0 la t\u00e9l\u00e9vision en disant qu&#8217;il ne faisait pas partie de la d\u00e9cision de changer les normes de test :<br \/>\n\u00ab <em>Je suis pr\u00e9occup\u00e9 par l&#8217;interpr\u00e9tation de ces recommandations et je crains qu&#8217;elles ne donnent aux gens l&#8217;impression erron\u00e9e que la propagation asymptomatique n&#8217;est pas tr\u00e8s pr\u00e9occupante. En fait, c&#8217;est le cas<\/em> \u00bb.<\/p>\n<p>Alors, bien s\u00fbr, le Mendacious Midget\u2122 avait parl\u00e9, et les recommandations revenaient \u00e0 tester tout le monde, tout le temps, avec un faux test PCR.<\/p>\n<p>L&#8217;id\u00e9e que la propagation asymptomatique \u00e9tait pr\u00e9occupante au mois d&#8217;ao\u00fbt n&#8217;\u00e9tait qu&#8217;un des nombreux mensonges du Dr Fauci. Au d\u00e9but de la pand\u00e9mie, fin janvier dernier, a-t-il dit :<br \/>\n\u00ab <em>La seule chose dont les gens doivent se rendre compte historiquement est que m\u00eame s&#8217;il y a une certaine transmission asymptomatique, dans toute l&#8217;histoire des virus respiratoires de tout type, la transmission asymptomatique n&#8217;a jamais \u00e9t\u00e9 le moteur des \u00e9pid\u00e9mies. Le moteur des \u00e9pid\u00e9mies est toujours une personne symptomatique. M\u00eame s&#8217;il existe une rare personne asymptomatique susceptible de transmettre le virus, une \u00e9pid\u00e9mie n&#8217;est pas d\u00e9clench\u00e9e par des porteurs asymptomatiques<\/em> \u00bb.<\/p>\n<p>Il n&#8217;existe pas une seule \u00e9tude ou m\u00e9ta-analyse qui diff\u00e8re de l&#8217;\u00e9valuation initiale de Fauci.<\/p>\n<p>Moins d&#8217;une heure apr\u00e8s l&#8217;inauguration de Joe Biden et la signature d&#8217;un d\u00e9cret imposant le port de masques sur tous les biens f\u00e9d\u00e9raux, l&#8217;OMS a envoy\u00e9 un avis aux professionnels de laboratoire utilisant le test PCR. Il est dit dans cet avis :<\/p>\n<p>\u00ab <em>Les directives de l&#8217;OMS sur les tests de diagnostic du SRAS-CoV-2 stipulent qu&#8217;il faut interpr\u00e9ter avec pr\u00e9caution les r\u00e9sultats positifs faibles.<\/em><br \/>\n<em>Le seuil de cycle (Ct) n\u00e9cessaire pour d\u00e9tecter le virus est inversement proportionnel \u00e0 la charge virale du patient.<\/em><br \/>\n<em>Lorsque les r\u00e9sultats des tests ne correspondent pas \u00e0 la pr\u00e9sentation clinique, un nouvel \u00e9chantillon doit \u00eatre pr\u00e9lev\u00e9 et test\u00e9 \u00e0 nouveau en utilisant la m\u00eame technologie TAN ou une technologie diff\u00e9rente.<\/em><br \/>\n<em>Litt\u00e9ralement une heure apr\u00e8s la prestation de serment de Biden, l&#8217;OMS a admis que les tests PCR \u00e0 taux d&#8217;amplification \u00e9lev\u00e9 modifient la valeur pr\u00e9dictive des tests et donnent lieu \u00e0 un nombre \u00e9norme de faux positifs<\/em> \u00bb.<\/p>\n<p><img loading=\"lazy\" decoding=\"async\" class=\"aligncenter size-full wp-image-37055\" src=\"https:\/\/yogaesoteric.net\/wp-content\/uploads\/2021\/04\/37052_3-e1617973722880.jpg\" alt=\"\" width=\"500\" height=\"382\" srcset=\"https:\/\/yogaesoteric.net\/wp-content\/uploads\/2021\/04\/37052_3-e1617973722880.jpg 500w, https:\/\/yogaesoteric.net\/wp-content\/uploads\/2021\/04\/37052_3-e1617973722880-300x229.jpg 300w, https:\/\/yogaesoteric.net\/wp-content\/uploads\/2021\/04\/37052_3-e1617973722880-260x200.jpg 260w\" sizes=\"auto, (max-width: 500px) 100vw, 500px\" \/>Cela se traduit par \u00ab <em>en l&#8217;absence de sympt\u00f4mes, une valeur Ct \u00e9lev\u00e9e signifie qu&#8217;il est tr\u00e8s peu probable que vous tombiez malade ou que quelqu&#8217;un d&#8217;autre tombe malade en l&#8217;absence d&#8217;une exposition tr\u00e8s r\u00e9cente \u00e0 une personne infect\u00e9e<\/em> \u00bb.<\/p>\n<p>Le Dr Fauci le savait en juillet dernier lorsqu&#8217;il a d\u00e9clar\u00e9 que les tests avec \u00ab <em>un Ct sup\u00e9rieur \u00e0 35 risquaient de d\u00e9tecter des d\u00e9bris viraux ou un virus mort<\/em> \u00bb.<\/p>\n<p>M\u00eame \u00e0 un Ct de 35, l&#8217;incidence des \u00e9chantillons de virus qui pourraient se r\u00e9pliquer est tr\u00e8s faible, selon Jaafar et al.<\/p>\n<p>L&#8217;OMS a poursuivi en d\u00e9clarant :<br \/>\n\u00ab <em>La plupart des tests PCR sont indiqu\u00e9s comme une aide au diagnostic, par cons\u00e9quent, les prestataires de soins de sant\u00e9 doivent prendre en compte tout r\u00e9sultat en combinaison avec le moment du pr\u00e9l\u00e8vement, le type d&#8217;\u00e9chantillon, les sp\u00e9cificit\u00e9s du test, les observations cliniques, les ant\u00e9c\u00e9dents du patient, le statut confirm\u00e9 de tout contact et les informations \u00e9pid\u00e9miologiques<\/em> \u00bb.<\/p>\n<p>En bref, un test PCR positif en l&#8217;absence de sympt\u00f4mes ne signifie rien \u00e0 un Ct sup\u00e9rieur \u00e0 30.<\/p>\n<p>&nbsp;<\/p>\n<p><strong>yogaesoteric<\/strong><br \/>\n<strong>9 avril 2021<\/strong><\/p>\n<p>&nbsp;<\/p>\n","protected":false},"excerpt":{"rendered":"<p>&nbsp; Les \u00ab complotistes \u00bb ont-ils eu raison du \u00ab faux plan de sauvetage \u00bb du COVID ? Les \u00ab scientifiques \u00bb viennent-ils d&#8217;obtenir la confirmation que ce plan \u00e9tait finalement\u00a0politique\u00a0? La r\u00e9ponse courte \u00e0 ces deux questions est OUI et OUI ! Au cours de ces derniers mois, ont d\u00e9crit en d\u00e9tail la controverse [&hellip;]<\/p>\n","protected":false},"author":3,"featured_media":0,"comment_status":"open","ping_status":"open","sticky":false,"template":"","format":"standard","meta":{"_uf_show_specific_survey":0,"_uf_disable_surveys":false,"footnotes":""},"categories":[1334],"tags":[],"class_list":["post-37052","post","type-post","status-publish","format-standard","hentry","category-la-crise-du-covid-19-1602-fr"],"_links":{"self":[{"href":"https:\/\/yogaesoteric.net\/fr\/wp-json\/wp\/v2\/posts\/37052","targetHints":{"allow":["GET"]}}],"collection":[{"href":"https:\/\/yogaesoteric.net\/fr\/wp-json\/wp\/v2\/posts"}],"about":[{"href":"https:\/\/yogaesoteric.net\/fr\/wp-json\/wp\/v2\/types\/post"}],"author":[{"embeddable":true,"href":"https:\/\/yogaesoteric.net\/fr\/wp-json\/wp\/v2\/users\/3"}],"replies":[{"embeddable":true,"href":"https:\/\/yogaesoteric.net\/fr\/wp-json\/wp\/v2\/comments?post=37052"}],"version-history":[{"count":2,"href":"https:\/\/yogaesoteric.net\/fr\/wp-json\/wp\/v2\/posts\/37052\/revisions"}],"predecessor-version":[{"id":37064,"href":"https:\/\/yogaesoteric.net\/fr\/wp-json\/wp\/v2\/posts\/37052\/revisions\/37064"}],"wp:attachment":[{"href":"https:\/\/yogaesoteric.net\/fr\/wp-json\/wp\/v2\/media?parent=37052"}],"wp:term":[{"taxonomy":"category","embeddable":true,"href":"https:\/\/yogaesoteric.net\/fr\/wp-json\/wp\/v2\/categories?post=37052"},{"taxonomy":"post_tag","embeddable":true,"href":"https:\/\/yogaesoteric.net\/fr\/wp-json\/wp\/v2\/tags?post=37052"}],"curies":[{"name":"wp","href":"https:\/\/api.w.org\/{rel}","templated":true}]}}